{"id":8693,"date":"2026-04-07T14:10:05","date_gmt":"2026-04-07T17:10:05","guid":{"rendered":"https:\/\/elpueblonoticia.com.ar\/web\/?p=8693"},"modified":"2026-04-07T14:10:05","modified_gmt":"2026-04-07T17:10:05","slug":"325-comercios-adherieron-al-programa-goya-liquida","status":"publish","type":"post","link":"https:\/\/elpueblonoticia.com.ar\/web\/2026\/04\/07\/325-comercios-adherieron-al-programa-goya-liquida\/","title":{"rendered":"325 comercios adherieron al programa Goya Liquida"},"content":{"rendered":"<p>La 8\u00aa edici\u00f3n de &#8220;Goya Liquida&#8221; reafirma el compromiso del municipio con el desarrollo econ\u00f3mico local, incentivando el consumo y fortaleciendo el v\u00ednculo entre comerciantes y ciudadanos.<\/p>\n<p>\u201cCon el intendente Mariano Hormaechea decidimos acompa\u00f1ar a un sector vital de la ciudad, como es el comercio, y a trav\u00e9s del cual se realizan los efectos multiplicadores en los dem\u00e1s sectores\u201d, destac\u00f3 la secretaria de Industria, Mar\u00eda Paz Lampugnani; dando pie a su expresi\u00f3n de satisfacci\u00f3n por los\u00a0\u201c325 comercios que se han adherido\u201d.<\/p>\n<p>El hall del edificio municipal fue el escenario elegido para el sorteo de la 8\u00aa edici\u00f3n de &#8220;Goya Liquida&#8221;, un evento que promueve el comercio local y que fue transmitido en vivo a trav\u00e9s de Facebook por la Municipalidad y la se\u00f1al del Cable Local (GIGARED).<\/p>\n<p>La jornada cont\u00f3 con la presencia de funcionarios y medios de prensa, marcando un hito en la reactivaci\u00f3n econ\u00f3mica de la ciudad.<\/p>\n<p><strong>UNA HERRAMIENTA QUE PONE A DISPOSICI\u00d3N EL EJECUTIVO MUNICIPAL<\/strong><\/p>\n<p>Durante el evento, la secretaria de Industria, Mar\u00eda Paz Lampugnani destac\u00f3 la importancia de la iniciativa como una muestra del trabajo conjunto del equipo municipal en apoyo al comercio local. &#8220;Esta es una herramienta que pone a disposici\u00f3n el ejecutivo municipal y es de gran ayuda para poder reactivar, cambiar el contexto&#8221;, indic\u00f3 la funcionaria.<\/p>\n<p>Lampugnani record\u00f3 que estos sorteos comenzaron en 2024 y, previo al sorteo, dese\u00f3 \u00e9xito a los consumidores que participaron. &#8220;Que sea una ayuda esta orden de compra de 200.000 pesos, que son diez \u00f3rdenes&#8221;, aclar\u00f3.<\/p>\n<p>La entrega de los premios se realizar\u00e1 en una semana.<\/p>\n<p><strong>APORTE MUNICIPAL EN TIEMPOS DE CRISIS<\/strong><\/p>\n<p>Por su parte, el viceintendente Sebasti\u00e1n Mazzaro resalt\u00f3 el rol del municipio en tiempos de crisis. &#8220;Los municipios tratan de no estar ausentes en situaci\u00f3n de crisis&#8221;, manifest\u00f3, a\u00f1adiendo que &#8220;el municipio de Goya toma este tipo de decisiones porque entiende que de alguna manera tenemos que ser un poco creativos y ayudar a la econom\u00eda&#8221;.<\/p>\n<p>Mazzaro explic\u00f3 que la idea es &#8220;acercar al comerciante y brindarle esta posibilidad de financiar algunos premios para incentivar el consumo&#8221;. Agradeci\u00f3 el apoyo a la iniciativa tanto de los comercios como de los consumidores que eligen comprar en Goya. &#8220;Agradezco a quienes apoyan esta iniciativa, los comercios que se suman a la idea y los consumidores que desean adquirir los productos en Goya y no en otros lugares&#8221;, finaliz\u00f3.<\/p>\n","protected":false},"excerpt":{"rendered":"<p>La 8\u00aa edici\u00f3n de &#8220;Goya Liquida&#8221; reafirma el compromiso del municipio con el desarrollo econ\u00f3mico local, incentivando el consumo y fortaleciendo el v\u00ednculo entre comerciantes y ciudadanos. \u201cCon el intendente Mariano Hormaechea decidimos acompa\u00f1ar a un sector vital de la ciudad, como es el comercio, y a trav\u00e9s del cual se realizan los efectos multiplicadores [&hellip;]<\/p>\n","protected":false},"author":2,"featured_media":8694,"comment_status":"open","ping_status":"open","sticky":false,"template":"","format":"standard","meta":{"footnotes":""},"categories":[56],"tags":[],"class_list":{"0":"post-8693","1":"post","2":"type-post","3":"status-publish","4":"format-standard","5":"has-post-thumbnail","7":"category-locales"},"_links":{"self":[{"href":"https:\/\/elpueblonoticia.com.ar\/web\/wp-json\/wp\/v2\/posts\/8693","targetHints":{"allow":["GET"]}}],"collection":[{"href":"https:\/\/elpueblonoticia.com.ar\/web\/wp-json\/wp\/v2\/posts"}],"about":[{"href":"https:\/\/elpueblonoticia.com.ar\/web\/wp-json\/wp\/v2\/types\/post"}],"author":[{"embeddable":true,"href":"https:\/\/elpueblonoticia.com.ar\/web\/wp-json\/wp\/v2\/users\/2"}],"replies":[{"embeddable":true,"href":"https:\/\/elpueblonoticia.com.ar\/web\/wp-json\/wp\/v2\/comments?post=8693"}],"version-history":[{"count":1,"href":"https:\/\/elpueblonoticia.com.ar\/web\/wp-json\/wp\/v2\/posts\/8693\/revisions"}],"predecessor-version":[{"id":8695,"href":"https:\/\/elpueblonoticia.com.ar\/web\/wp-json\/wp\/v2\/posts\/8693\/revisions\/8695"}],"wp:featuredmedia":[{"embeddable":true,"href":"https:\/\/elpueblonoticia.com.ar\/web\/wp-json\/wp\/v2\/media\/8694"}],"wp:attachment":[{"href":"https:\/\/elpueblonoticia.com.ar\/web\/wp-json\/wp\/v2\/media?parent=8693"}],"wp:term":[{"taxonomy":"category","embeddable":true,"href":"https:\/\/elpueblonoticia.com.ar\/web\/wp-json\/wp\/v2\/categories?post=8693"},{"taxonomy":"post_tag","embeddable":true,"href":"https:\/\/elpueblonoticia.com.ar\/web\/wp-json\/wp\/v2\/tags?post=8693"}],"curies":[{"name":"wp","href":"https:\/\/api.w.org\/{rel}","templated":true}]}}