{"id":8669,"date":"2026-04-07T13:51:37","date_gmt":"2026-04-07T16:51:37","guid":{"rendered":"https:\/\/elpueblonoticia.com.ar\/web\/?p=8669"},"modified":"2026-04-07T13:51:37","modified_gmt":"2026-04-07T16:51:37","slug":"ley-de-glaciares-cuales-son-los-rios-amenazados-por-la-reforma","status":"publish","type":"post","link":"https:\/\/elpueblonoticia.com.ar\/web\/2026\/04\/07\/ley-de-glaciares-cuales-son-los-rios-amenazados-por-la-reforma\/","title":{"rendered":"Ley de Glaciares: Cu\u00e1les son los r\u00edos amenazados por la reforma"},"content":{"rendered":"<p>La actividad minera afectar\u00eda a las aguas de 20 provincias. Uno por uno, las cuencas afectadas en caso de que se apruebe el proyecto de ley.<\/p>\n<p>El proyecto de ley sobre la nueva Ley de Glaciares que el Gobierno busca aprobar en el Congreso traer\u00eda graves consecuencias a decenas de r\u00edos a lo largo y a lo ancho del todo el pa\u00eds.<\/p>\n<p>Tal como se\u00f1al\u00f3 el licenciado Nehuen Brat para una nota para La Izquierda Diario, unas 20 provincias se ver\u00edan afectadas en el caso de que el proyecto cuente con el aval de las dos C\u00e1maras.<\/p>\n<p>Miner\u00eda, contaminaci\u00f3n y riesgos para la salud son tres variantes que se ponen en juego con la aprobaci\u00f3n de esta ley.<\/p>\n<p>Con cuencas que atraviesan varias jurisdicciones, esto podr\u00eda afectar a millones de personas y se puede reflejar en la lista a continuaci\u00f3n con la cantidad de r\u00edos afectados a lo largo del pa\u00eds.<\/p>\n<h2 class=\"article-body__heading-h2\"><strong>R\u00edos afectados, provincia por provincia<\/p>\n<p><\/strong><\/h2>\n<p class=\"article-body__paragraph abp-planet-article\"><strong>Buenos Aires<\/strong>: R\u00edo Colorado<\/p>\n<p class=\"article-body__paragraph abp-planet-article\"><strong>Catamarca<\/strong>: R\u00edo de Valle Ancho \/ R\u00edo Salado &#8211; R\u00edo Santa Mar\u00eda &#8211; R\u00edo Andalgal\u00e1<\/p>\n<p class=\"article-body__paragraph abp-planet-article\"><strong>Chubut<\/strong>: R\u00edo Chubut &#8211; R\u00edo Senguer &#8211; R\u00edo Carrenleuf\u00fa<\/p>\n<p class=\"article-body__paragraph abp-planet-article\"><strong>Jujuy<\/strong>: R\u00edo\/Arroyos de Salina Jama &#8211; R\u00edo San Francisco<\/p>\n<p class=\"article-body__paragraph abp-planet-article\"><strong>La Pampa<\/strong>: R\u00edo Colorado &#8211; R\u00edo Atuel \/ Chadileuv\u00fa<\/p>\n<p class=\"article-body__paragraph abp-planet-article\">La Rioja: R\u00edo Blanco &#8211; R\u00edo Vinchina \/ Bermejo<\/p>\n<p class=\"article-body__paragraph abp-planet-article\"><strong>Mendoza<\/strong>: R\u00edo Mendoza &#8211; R\u00edos Tupungato, de las Cuevas, de las Vacas &#8211; R\u00edo Tunuy\u00e1n &#8211; R\u00edo Diamante &#8211; R\u00edo Atuel &#8211; R\u00edo Malarg\u00fce &#8211; R\u00edo Grande<\/p>\n<p class=\"article-body__paragraph abp-planet-article\"><strong>Neuqu\u00e9n<\/strong>: R\u00edo Barrancas<\/p>\n<p class=\"article-body__paragraph abp-planet-article\"><strong>R\u00edo Negro<\/strong>: R\u00edo Negro.<\/p>\n<p class=\"article-body__paragraph abp-planet-article\"><strong>Salta<\/strong>: R\u00edo Juramento &#8211; R\u00edo Bermejo (alta cuenca)<\/p>\n<p class=\"article-body__paragraph abp-planet-article\"><strong>San Juan:<\/strong>\u00a0R\u00edo J\u00e1chal &#8211; R\u00edos Calingasta, Casta\u00f1o, Blanco, de los Patos &#8211; R\u00edo San Juan<\/p>\n<p class=\"article-body__paragraph abp-planet-article\"><strong>Santa Cruz<\/strong>: R\u00edo Santa Cruz &#8211; R\u00edo La Leona &#8211; R\u00edo Gallegos<\/p>\n<p class=\"article-body__paragraph abp-planet-article\"><strong>Tucum\u00e1n<\/strong>: R\u00edo Sal\u00ed &#8211; R\u00edos Vipos, Lules, Gastona, Balderrama<\/p>\n<p class=\"article-body__paragraph abp-planet-article\"><strong>Santiago del Estero<\/strong>: R\u00edo Dulce<\/p>\n<p class=\"article-body__paragraph abp-planet-article\"><strong>Tierra del Fuego<\/strong>: R\u00edo Grande \/ Arroyos de monta\u00f1a.<\/p>\n","protected":false},"excerpt":{"rendered":"<p>La actividad minera afectar\u00eda a las aguas de 20 provincias. Uno por uno, las cuencas afectadas en caso de que se apruebe el proyecto de ley. El proyecto de ley sobre la nueva Ley de Glaciares que el Gobierno busca aprobar en el Congreso traer\u00eda graves consecuencias a decenas de r\u00edos a lo largo y [&hellip;]<\/p>\n","protected":false},"author":2,"featured_media":8670,"comment_status":"open","ping_status":"open","sticky":false,"template":"","format":"standard","meta":{"footnotes":""},"categories":[64],"tags":[],"class_list":{"0":"post-8669","1":"post","2":"type-post","3":"status-publish","4":"format-standard","5":"has-post-thumbnail","7":"category-nacionales"},"_links":{"self":[{"href":"https:\/\/elpueblonoticia.com.ar\/web\/wp-json\/wp\/v2\/posts\/8669","targetHints":{"allow":["GET"]}}],"collection":[{"href":"https:\/\/elpueblonoticia.com.ar\/web\/wp-json\/wp\/v2\/posts"}],"about":[{"href":"https:\/\/elpueblonoticia.com.ar\/web\/wp-json\/wp\/v2\/types\/post"}],"author":[{"embeddable":true,"href":"https:\/\/elpueblonoticia.com.ar\/web\/wp-json\/wp\/v2\/users\/2"}],"replies":[{"embeddable":true,"href":"https:\/\/elpueblonoticia.com.ar\/web\/wp-json\/wp\/v2\/comments?post=8669"}],"version-history":[{"count":1,"href":"https:\/\/elpueblonoticia.com.ar\/web\/wp-json\/wp\/v2\/posts\/8669\/revisions"}],"predecessor-version":[{"id":8671,"href":"https:\/\/elpueblonoticia.com.ar\/web\/wp-json\/wp\/v2\/posts\/8669\/revisions\/8671"}],"wp:featuredmedia":[{"embeddable":true,"href":"https:\/\/elpueblonoticia.com.ar\/web\/wp-json\/wp\/v2\/media\/8670"}],"wp:attachment":[{"href":"https:\/\/elpueblonoticia.com.ar\/web\/wp-json\/wp\/v2\/media?parent=8669"}],"wp:term":[{"taxonomy":"category","embeddable":true,"href":"https:\/\/elpueblonoticia.com.ar\/web\/wp-json\/wp\/v2\/categories?post=8669"},{"taxonomy":"post_tag","embeddable":true,"href":"https:\/\/elpueblonoticia.com.ar\/web\/wp-json\/wp\/v2\/tags?post=8669"}],"curies":[{"name":"wp","href":"https:\/\/api.w.org\/{rel}","templated":true}]}}