{"id":8663,"date":"2026-04-07T12:56:47","date_gmt":"2026-04-07T15:56:47","guid":{"rendered":"https:\/\/elpueblonoticia.com.ar\/web\/?p=8663"},"modified":"2026-04-07T12:56:47","modified_gmt":"2026-04-07T15:56:47","slug":"conflicto-alal-la-justicia-ordeno-que-las-protestas-deben-estar-a-200-metros-de-las-viviendas-de-los-propietarios","status":"publish","type":"post","link":"https:\/\/elpueblonoticia.com.ar\/web\/2026\/04\/07\/conflicto-alal-la-justicia-ordeno-que-las-protestas-deben-estar-a-200-metros-de-las-viviendas-de-los-propietarios\/","title":{"rendered":"Conflicto Alal: La justicia orden\u00f3 que las protestas deben estar a 200 metros de las viviendas de los propietarios"},"content":{"rendered":"<p>A dos meses del cierre de la hilander\u00eda Emilio Alal en Goya, el conflicto laboral persiste sin soluciones. La tensi\u00f3n escal\u00f3 con una orden judicial que impone una restricci\u00f3n perimetral de 200 metros alrededor de las viviendas de los propietarios.<\/p>\n<p>260 familias esperan indemnizaciones y salarios adeudados, mientras tanto contin\u00faan las protestas afuera de la casa de la familia Alal. A ra\u00edz de esto se dispuso una perimetral vigente por 180 d\u00edas y dirigida a unos 12 extrabajadores, incluidos delegados.<\/p>\n<p>Los afectados lo ven como un freno a sus reclamos, alegando que se basa en presuntos actos de vandalismo sin pruebas concretas que los impliquen. La situaci\u00f3n, lejos de resolverse, se complica d\u00eda a d\u00eda en medio de la incertidumbre econ\u00f3mica.<\/p>\n","protected":false},"excerpt":{"rendered":"<p>A dos meses del cierre de la hilander\u00eda Emilio Alal en Goya, el conflicto laboral persiste sin soluciones. La tensi\u00f3n escal\u00f3 con una orden judicial que impone una restricci\u00f3n perimetral de 200 metros alrededor de las viviendas de los propietarios. 260 familias esperan indemnizaciones y salarios adeudados, mientras tanto contin\u00faan las protestas afuera de la [&hellip;]<\/p>\n","protected":false},"author":2,"featured_media":8664,"comment_status":"open","ping_status":"open","sticky":false,"template":"","format":"standard","meta":{"footnotes":""},"categories":[56],"tags":[],"class_list":{"0":"post-8663","1":"post","2":"type-post","3":"status-publish","4":"format-standard","5":"has-post-thumbnail","7":"category-locales"},"_links":{"self":[{"href":"https:\/\/elpueblonoticia.com.ar\/web\/wp-json\/wp\/v2\/posts\/8663","targetHints":{"allow":["GET"]}}],"collection":[{"href":"https:\/\/elpueblonoticia.com.ar\/web\/wp-json\/wp\/v2\/posts"}],"about":[{"href":"https:\/\/elpueblonoticia.com.ar\/web\/wp-json\/wp\/v2\/types\/post"}],"author":[{"embeddable":true,"href":"https:\/\/elpueblonoticia.com.ar\/web\/wp-json\/wp\/v2\/users\/2"}],"replies":[{"embeddable":true,"href":"https:\/\/elpueblonoticia.com.ar\/web\/wp-json\/wp\/v2\/comments?post=8663"}],"version-history":[{"count":1,"href":"https:\/\/elpueblonoticia.com.ar\/web\/wp-json\/wp\/v2\/posts\/8663\/revisions"}],"predecessor-version":[{"id":8665,"href":"https:\/\/elpueblonoticia.com.ar\/web\/wp-json\/wp\/v2\/posts\/8663\/revisions\/8665"}],"wp:featuredmedia":[{"embeddable":true,"href":"https:\/\/elpueblonoticia.com.ar\/web\/wp-json\/wp\/v2\/media\/8664"}],"wp:attachment":[{"href":"https:\/\/elpueblonoticia.com.ar\/web\/wp-json\/wp\/v2\/media?parent=8663"}],"wp:term":[{"taxonomy":"category","embeddable":true,"href":"https:\/\/elpueblonoticia.com.ar\/web\/wp-json\/wp\/v2\/categories?post=8663"},{"taxonomy":"post_tag","embeddable":true,"href":"https:\/\/elpueblonoticia.com.ar\/web\/wp-json\/wp\/v2\/tags?post=8663"}],"curies":[{"name":"wp","href":"https:\/\/api.w.org\/{rel}","templated":true}]}}