{"id":8660,"date":"2026-04-07T12:53:43","date_gmt":"2026-04-07T15:53:43","guid":{"rendered":"https:\/\/elpueblonoticia.com.ar\/web\/?p=8660"},"modified":"2026-04-07T12:53:43","modified_gmt":"2026-04-07T15:53:43","slug":"san-roque-los-filmaron-cazando-y-les-cayeron-con-allanamientos","status":"publish","type":"post","link":"https:\/\/elpueblonoticia.com.ar\/web\/2026\/04\/07\/san-roque-los-filmaron-cazando-y-les-cayeron-con-allanamientos\/","title":{"rendered":"San Roque: Los filmaron cazando y les cayeron con allanamientos"},"content":{"rendered":"<p>La Polic\u00eda Rural y Ecol\u00f3gica de San roque activ\u00f3 una causa de oficio y termin\u00f3 allanando a dos presuntos cazadores furtivos que hab\u00edan sido captados por c\u00e1maras dentro de un campo.<\/p>\n<p>Todo arranc\u00f3 el fin de semana, cuando el capataz de un establecimiento sobre la ex Ruta 12, a unos 10 km de la ciudad, alert\u00f3 sobre movimientos raros.<\/p>\n<p>Las c\u00e1maras no fallaron: dos hombres a caballo, armados y metidos donde no deb\u00edan, cerca de la 1 de la madrugada.<\/p>\n<p>En el lugar quedaron rastros claros: restos de carpinchos faenados. No falt\u00f3 ganado, pero el da\u00f1o ya estaba hecho.<\/p>\n<p>Con las im\u00e1genes, los investigadores apuntaron directo a Pedro \u201cPata\u201d Dom\u00ednguez y Hugo Dom\u00ednguez, del paraje El Rosado.<\/p>\n<p>Con aval del fiscal rural Jos\u00e9 Omar Caser\u00e9, se ordenaron allanamientos que se concretaron ayer en Rosado Grande.<\/p>\n<p>En la casa de Hugo Dom\u00ednguez secuestraron una carabina .22 (aire comprimido modificado), cinco cuchillos y un asta de ciervo de ocho puntas. No hubo detenidos, pero los dos quedaron pegados a la causa.<\/p>\n<p>&nbsp;<\/p>\n","protected":false},"excerpt":{"rendered":"<p>La Polic\u00eda Rural y Ecol\u00f3gica de San roque activ\u00f3 una causa de oficio y termin\u00f3 allanando a dos presuntos cazadores furtivos que hab\u00edan sido captados por c\u00e1maras dentro de un campo. Todo arranc\u00f3 el fin de semana, cuando el capataz de un establecimiento sobre la ex Ruta 12, a unos 10 km de la ciudad, [&hellip;]<\/p>\n","protected":false},"author":2,"featured_media":8661,"comment_status":"open","ping_status":"open","sticky":false,"template":"","format":"standard","meta":{"footnotes":""},"categories":[68],"tags":[],"class_list":{"0":"post-8660","1":"post","2":"type-post","3":"status-publish","4":"format-standard","5":"has-post-thumbnail","7":"category-policiales-nacionales"},"_links":{"self":[{"href":"https:\/\/elpueblonoticia.com.ar\/web\/wp-json\/wp\/v2\/posts\/8660","targetHints":{"allow":["GET"]}}],"collection":[{"href":"https:\/\/elpueblonoticia.com.ar\/web\/wp-json\/wp\/v2\/posts"}],"about":[{"href":"https:\/\/elpueblonoticia.com.ar\/web\/wp-json\/wp\/v2\/types\/post"}],"author":[{"embeddable":true,"href":"https:\/\/elpueblonoticia.com.ar\/web\/wp-json\/wp\/v2\/users\/2"}],"replies":[{"embeddable":true,"href":"https:\/\/elpueblonoticia.com.ar\/web\/wp-json\/wp\/v2\/comments?post=8660"}],"version-history":[{"count":1,"href":"https:\/\/elpueblonoticia.com.ar\/web\/wp-json\/wp\/v2\/posts\/8660\/revisions"}],"predecessor-version":[{"id":8662,"href":"https:\/\/elpueblonoticia.com.ar\/web\/wp-json\/wp\/v2\/posts\/8660\/revisions\/8662"}],"wp:featuredmedia":[{"embeddable":true,"href":"https:\/\/elpueblonoticia.com.ar\/web\/wp-json\/wp\/v2\/media\/8661"}],"wp:attachment":[{"href":"https:\/\/elpueblonoticia.com.ar\/web\/wp-json\/wp\/v2\/media?parent=8660"}],"wp:term":[{"taxonomy":"category","embeddable":true,"href":"https:\/\/elpueblonoticia.com.ar\/web\/wp-json\/wp\/v2\/categories?post=8660"},{"taxonomy":"post_tag","embeddable":true,"href":"https:\/\/elpueblonoticia.com.ar\/web\/wp-json\/wp\/v2\/tags?post=8660"}],"curies":[{"name":"wp","href":"https:\/\/api.w.org\/{rel}","templated":true}]}}