{"id":7939,"date":"2026-03-15T16:21:55","date_gmt":"2026-03-15T19:21:55","guid":{"rendered":"https:\/\/elpueblonoticia.com.ar\/web\/?p=7939"},"modified":"2026-03-15T16:21:55","modified_gmt":"2026-03-15T19:21:55","slug":"se-cancelo-la-finalissima-entre-argentina-y-espana-por-el-conflicto-en-medio-oriente","status":"publish","type":"post","link":"https:\/\/elpueblonoticia.com.ar\/web\/2026\/03\/15\/se-cancelo-la-finalissima-entre-argentina-y-espana-por-el-conflicto-en-medio-oriente\/","title":{"rendered":"Se cancel\u00f3 la finalissima entre Argentina y Espa\u00f1a por el conflicto en Medio Oriente"},"content":{"rendered":"<div class=\"title\">El partido que deb\u00eda jugarse en Qatar qued\u00f3 cancelado tras no definir una nueva sede, luego de la escalada en Medio Oriente. El comunicado de la UEFA.<\/div>\n<div class=\"title\"><\/div>\n<section class=\"detail-body first-paragraph\">\n<section class=\"body-content note-body content-protected-false\" data-twitter-link=\"&lt;a href=\">La Finalissima 2026, donde se iban a enfrentar Espa\u00f1a, campe\u00f3n de la Eurocopa, y Argentina, campe\u00f3n de la Copa Am\u00e9rica, se acaba de cancelar. El partido estaba previsto originalmente en Qatar el 27 de marzo, pero la suspensi\u00f3n de actividades deportivas all\u00ed dej\u00f3 la fecha en suspenso , debido a la &#8220;situaci\u00f3n pol\u00edtica actual en la regi\u00f3n&#8221;, las autoridades determinaron que era imposible disputar el encuentro all\u00ed<strong>.\u00a0<\/strong>Ante esta situaci\u00f3n, la Real Federaci\u00f3n Espa\u00f1ola (RFEF) propuso como alternativa el Santiago Bernab\u00e9u pero no lograron un acuerdo con la AFA.<\/p>\n<\/section>\n<\/section>\n<section class=\"detail-body second-paragraph\">\n<section class=\"body-content note-body content-protected-false\">Finalmente la UEFA confirm\u00f3 a trav\u00e9s de un comunicado la cancelaci\u00f3n de esta edici\u00f3n de la Finalissima, torneo creado junto a Conmebol para enfrentar a los campeones de Europa y Sudam\u00e9rica, y agradeci\u00f3 tanto a las autoridades de Catar como a los organizadores que intentaron llevar adelante el evento. La UEFA lament\u00f3 que\u00a0&#8220;las circunstancias y el tiempo hayan privado a los equipos de la oportunidad de competir por este prestigioso premio en Qatar&#8221;.<\/p>\n<\/section>\n<\/section>\n<div>\n<section class=\"detail-body\">\n<section class=\"body-content note-body content-protected-false\">\n<h2 class=\"\"><strong>El comunicado de la UEFA<\/strong><\/h2>\n<p class=\"\">&#8220;Tras intensas conversaciones entre la UEFA y las autoridades organizadoras de Catar, se ha anunciado hoy que, debido a la actual situaci\u00f3n pol\u00edtica en la regi\u00f3n, la Finalissima entre Espa\u00f1a, ganadora de la Eurocopa 2024, y Argentina, campeona de la Copa Am\u00e9rica 2024 de la CONMEBOL, no podr\u00e1 disputarse, como se esperaba, en Catar el 27 de marzo.<\/p>\n<\/section>\n<\/section>\n<section class=\"detail-body\">\n<section class=\"body-content note-body content-protected-false\">\n<p class=\"\">Es una gran decepci\u00f3n para la UEFA y los organizadores que las circunstancias y el momento hayan privado a los equipos de la oportunidad de competir por este prestigioso trofeo en Catar, un pa\u00eds que ha demostrado una y otra vez su capacidad para organizar eventos internacionales de primer nivel en instalaciones de vanguardia.<\/p>\n<\/section>\n<\/section>\n<section class=\"detail-body\">\n<section class=\"body-content note-body content-protected-false\">\n<p class=\"\">La UEFA desea expresar su profunda gratitud al comit\u00e9 organizador y a las autoridades pertinentes de Catar por el trabajo realizado para intentar acoger el partido, as\u00ed como su certeza de que la paz volver\u00e1 pronto a la regi\u00f3n.<\/p>\n<\/section>\n<\/section>\n<section class=\"detail-body\">\n<section class=\"body-content note-body content-protected-false\">\n<p class=\"\">La Finalissima se introdujo como parte de la estrecha colaboraci\u00f3n entre la UEFA y la CONMEBOL y re\u00fane a los campeones de Europa y Sudam\u00e9rica en una celebraci\u00f3n del f\u00fatbol internacional al m\u00e1s alto nivel. Argentina, actual campeona del mundo, gan\u00f3 la edici\u00f3n inaugural en 2022 con una victoria por 3-0 sobre Italia en el estadio de Wembley, en Londres.<\/p>\n<p class=\"\">Con la firme determinaci\u00f3n de salvar este importante encuentro, y a pesar de las comprensibles dificultades que supone reubicar un partido de tal importancia con tan poca antelaci\u00f3n, la UEFA explor\u00f3 otras alternativas viables, pero todas ellas resultaron finalmente inaceptables para la Asociaci\u00f3n del F\u00fatbol Argentino.<\/p>\n<p class=\"\">La primera opci\u00f3n era celebrar el partido en el estadio Santiago Bernab\u00e9u de Madrid en la fecha original, con un reparto al 50 % de los aficionados en el estadio. Esto habr\u00eda proporcionado un escenario de talla mundial, acorde con un evento tan prestigioso, pero Argentina se neg\u00f3.<\/p>\n<p class=\"\">La segunda era disputar la Finalissima a doble partido: uno en el Santiago Bernab\u00e9u el 27 de marzo y el otro en Buenos Aires durante una ventana internacional antes de la Eurocopa y la Copa Am\u00e9rica de 2028, ofreciendo de nuevo una distribuci\u00f3n de aficionados al 50 % para el partido en Madrid. Esta opci\u00f3n tambi\u00e9n fue rechazada.<\/p>\n<p class=\"\">Finalmente, la UEFA solicit\u00f3 a Argentina el compromiso de que, si se encontraba una sede neutral en Europa, el partido pudiera celebrarse el 27 de marzo, tal y como estaba previsto y se anunci\u00f3 el 18 de diciembre de 2025, o en la fecha alternativa del 30 de marzo. Esta propuesta tambi\u00e9n fue rechazada.<\/p>\n<p class=\"\">Argentina present\u00f3 una contrapropuesta para disputar el partido despu\u00e9s del Mundial, pero, dado que Espa\u00f1a no dispone de fechas disponibles, esa opci\u00f3n tuvo que descartarse. Finalmente, y contrariamente al plan acordado inicialmente de que el partido se disputara el 27 de marzo, Argentina declar\u00f3 su disponibilidad para jugar exclusivamente el 31 de marzo, una fecha que result\u00f3 inviable.<\/p>\n<p class=\"\">Como resultado, y muy a pesar de la UEFA, esta edici\u00f3n de la Finalissima ha sido cancelada.<\/p>\n<p class=\"\">La UEFA desea expresar su m\u00e1s sincero agradecimiento al Real Madrid CF y al comit\u00e9 organizador y a las autoridades de Catar por su apoyo y cooperaci\u00f3n en el intento de organizar este partido. En el caso del Real Madrid, sus esfuerzos se realizaron con un plazo de preaviso extremadamente corto. Tambi\u00e9n se agradece a la Federaci\u00f3n Espa\u00f1ola de F\u00fatbol su flexibilidad para adaptarse a todas las opciones propuestas a lo largo del proceso&#8221;<\/p>\n<\/section>\n<\/section>\n<\/div>\n","protected":false},"excerpt":{"rendered":"<p>El partido que deb\u00eda jugarse en Qatar qued\u00f3 cancelado tras no definir una nueva sede, luego de la escalada en Medio Oriente. El comunicado de la UEFA. La Finalissima 2026, donde se iban a enfrentar Espa\u00f1a, campe\u00f3n de la Eurocopa, y Argentina, campe\u00f3n de la Copa Am\u00e9rica, se acaba de cancelar. El partido estaba previsto [&hellip;]<\/p>\n","protected":false},"author":2,"featured_media":7940,"comment_status":"open","ping_status":"open","sticky":false,"template":"","format":"standard","meta":{"footnotes":""},"categories":[76],"tags":[],"class_list":{"0":"post-7939","1":"post","2":"type-post","3":"status-publish","4":"format-standard","5":"has-post-thumbnail","7":"category-deportes"},"_links":{"self":[{"href":"https:\/\/elpueblonoticia.com.ar\/web\/wp-json\/wp\/v2\/posts\/7939","targetHints":{"allow":["GET"]}}],"collection":[{"href":"https:\/\/elpueblonoticia.com.ar\/web\/wp-json\/wp\/v2\/posts"}],"about":[{"href":"https:\/\/elpueblonoticia.com.ar\/web\/wp-json\/wp\/v2\/types\/post"}],"author":[{"embeddable":true,"href":"https:\/\/elpueblonoticia.com.ar\/web\/wp-json\/wp\/v2\/users\/2"}],"replies":[{"embeddable":true,"href":"https:\/\/elpueblonoticia.com.ar\/web\/wp-json\/wp\/v2\/comments?post=7939"}],"version-history":[{"count":1,"href":"https:\/\/elpueblonoticia.com.ar\/web\/wp-json\/wp\/v2\/posts\/7939\/revisions"}],"predecessor-version":[{"id":7941,"href":"https:\/\/elpueblonoticia.com.ar\/web\/wp-json\/wp\/v2\/posts\/7939\/revisions\/7941"}],"wp:featuredmedia":[{"embeddable":true,"href":"https:\/\/elpueblonoticia.com.ar\/web\/wp-json\/wp\/v2\/media\/7940"}],"wp:attachment":[{"href":"https:\/\/elpueblonoticia.com.ar\/web\/wp-json\/wp\/v2\/media?parent=7939"}],"wp:term":[{"taxonomy":"category","embeddable":true,"href":"https:\/\/elpueblonoticia.com.ar\/web\/wp-json\/wp\/v2\/categories?post=7939"},{"taxonomy":"post_tag","embeddable":true,"href":"https:\/\/elpueblonoticia.com.ar\/web\/wp-json\/wp\/v2\/tags?post=7939"}],"curies":[{"name":"wp","href":"https:\/\/api.w.org\/{rel}","templated":true}]}}