{"id":7933,"date":"2026-03-12T17:32:22","date_gmt":"2026-03-12T20:32:22","guid":{"rendered":"https:\/\/elpueblonoticia.com.ar\/web\/?p=7933"},"modified":"2026-03-12T17:32:22","modified_gmt":"2026-03-12T20:32:22","slug":"turismo-correntino-record-de-visitantes-en-este-verano-2026","status":"publish","type":"post","link":"https:\/\/elpueblonoticia.com.ar\/web\/2026\/03\/12\/turismo-correntino-record-de-visitantes-en-este-verano-2026\/","title":{"rendered":"Turismo Correntino: R\u00e9cord de visitantes en este verano 2026"},"content":{"rendered":"<p>Corrientes rompe todos los r\u00e9cords con m\u00e1s de 550.000 asistentes en fiestas populares de toda la provincia, generando un impacto econ\u00f3mico superior a los 50 mil millones de pesos. Detr\u00e1s de cada visita hay trabajo y oportunidades para las familias correntinas. Cu\u00e1les fueron los destinos m\u00e1s elegidos.<\/p>\n<p>La provincia de Corrientes cerr\u00f3 una temporada de verano 2026 con cifras que ratifican su posici\u00f3n como uno de los polos tur\u00edsticos m\u00e1s importantes de la regi\u00f3n. Seg\u00fan los datos oficiales difundidos recientemente por el Gobierno provincial, la actividad tur\u00edstica inyect\u00f3 m\u00e1s de $50.000 millones en la econom\u00eda local, consolidando un crecimiento sostenido en el sector de servicios, hoteler\u00eda y gastronom\u00eda.<\/p>\n<p>El informe estad\u00edstico destaca que el gasto promedio por persona se situ\u00f3 por encima de los $100.000 diarios. Este flujo econ\u00f3mico estuvo impulsado por una estad\u00eda promedio que oscil\u00f3 entre los 4 y 6 d\u00edas, con picos de ocupaci\u00f3n m\u00e1xima durante los fines de semana.<\/p>\n<p>En cuanto a la procedencia, el turismo nacional sigue siendo el principal motor. La provincia de Buenos Aires lider\u00f3 el ranking aportando el 50% de los visitantes, seguida por Salta (14%) y Formosa (10%). Tambi\u00e9n se registr\u00f3 una presencia significativa de turistas de Jujuy, C\u00f3rdoba y Santa Fe.<\/p>\n<p>A nivel internacional, el \u00abDestino Corrientes\u00bb logr\u00f3 captar una presencia destacada de viajeros provenientes de Paraguay, Brasil y Uruguay, atra\u00eddos principalmente por la oferta de naturaleza y los eventos culturales.<\/p>\n<p><strong>Destinos y eventos: la clave del \u00e9xito<\/strong><\/p>\n<p>La diversidad de propuestas fue el gran diferencial de este verano. Bajo el lema \u00abUn verano que turiste\u00f3 Corrientes\u00bb, el turismo de eventos fue uno de los grandes protagonistas, convocando a m\u00e1s de 550.000 asistentes en las distintas fiestas populares, festivales y carnavales que integran el calendario provincial.<\/p>\n<p>El mapa del calor tur\u00edstico mostr\u00f3 una distribuci\u00f3n federal a lo largo de todo el territorio. Si bien la Capital y Paso de la Patria se mantuvieron como los puntos m\u00e1s concurridos, otros destinos consolidaron su atractivo:<\/p>\n<p>Naturaleza: Los Esteros del Iber\u00e1 reafirmaron su magnetismo para el turismo ecol\u00f3gico.<\/p>\n<p>R\u00edo y Playas: Localidades como Empedrado, Ituzaing\u00f3, Esquina y Monte Caseros registraron niveles de ocupaci\u00f3n hist\u00f3ricos.<\/p>\n<p>Cultura y Tradici\u00f3n: Santa Ana, Santo Tom\u00e9 y Curuz\u00fa Cuati\u00e1 completaron el podio de los destinos m\u00e1s elegidos.<\/p>\n<p>Desde el Gobierno de Corrientes se\u00f1alaron que estos resultados son el fruto de una pol\u00edtica de promoci\u00f3n constante y una infraestructura preparada para recibir a miles de visitantes bajo la premisa de estar \u00absiempre cerca\u00bb. Con estos n\u00fameros, Corrientes se despide de un verano r\u00e9cord y ya proyecta las actividades para el resto del a\u00f1o.<\/p>\n<p>&nbsp;<\/p>\n","protected":false},"excerpt":{"rendered":"<p>Corrientes rompe todos los r\u00e9cords con m\u00e1s de 550.000 asistentes en fiestas populares de toda la provincia, generando un impacto econ\u00f3mico superior a los 50 mil millones de pesos. Detr\u00e1s de cada visita hay trabajo y oportunidades para las familias correntinas. Cu\u00e1les fueron los destinos m\u00e1s elegidos. La provincia de Corrientes cerr\u00f3 una temporada de [&hellip;]<\/p>\n","protected":false},"author":2,"featured_media":7934,"comment_status":"open","ping_status":"open","sticky":false,"template":"","format":"standard","meta":{"footnotes":""},"categories":[72],"tags":[],"class_list":{"0":"post-7933","1":"post","2":"type-post","3":"status-publish","4":"format-standard","5":"has-post-thumbnail","7":"category-provinciales"},"_links":{"self":[{"href":"https:\/\/elpueblonoticia.com.ar\/web\/wp-json\/wp\/v2\/posts\/7933","targetHints":{"allow":["GET"]}}],"collection":[{"href":"https:\/\/elpueblonoticia.com.ar\/web\/wp-json\/wp\/v2\/posts"}],"about":[{"href":"https:\/\/elpueblonoticia.com.ar\/web\/wp-json\/wp\/v2\/types\/post"}],"author":[{"embeddable":true,"href":"https:\/\/elpueblonoticia.com.ar\/web\/wp-json\/wp\/v2\/users\/2"}],"replies":[{"embeddable":true,"href":"https:\/\/elpueblonoticia.com.ar\/web\/wp-json\/wp\/v2\/comments?post=7933"}],"version-history":[{"count":1,"href":"https:\/\/elpueblonoticia.com.ar\/web\/wp-json\/wp\/v2\/posts\/7933\/revisions"}],"predecessor-version":[{"id":7935,"href":"https:\/\/elpueblonoticia.com.ar\/web\/wp-json\/wp\/v2\/posts\/7933\/revisions\/7935"}],"wp:featuredmedia":[{"embeddable":true,"href":"https:\/\/elpueblonoticia.com.ar\/web\/wp-json\/wp\/v2\/media\/7934"}],"wp:attachment":[{"href":"https:\/\/elpueblonoticia.com.ar\/web\/wp-json\/wp\/v2\/media?parent=7933"}],"wp:term":[{"taxonomy":"category","embeddable":true,"href":"https:\/\/elpueblonoticia.com.ar\/web\/wp-json\/wp\/v2\/categories?post=7933"},{"taxonomy":"post_tag","embeddable":true,"href":"https:\/\/elpueblonoticia.com.ar\/web\/wp-json\/wp\/v2\/tags?post=7933"}],"curies":[{"name":"wp","href":"https:\/\/api.w.org\/{rel}","templated":true}]}}