{"id":7922,"date":"2026-03-12T17:21:49","date_gmt":"2026-03-12T20:21:49","guid":{"rendered":"https:\/\/elpueblonoticia.com.ar\/web\/?p=7922"},"modified":"2026-03-12T17:21:49","modified_gmt":"2026-03-12T20:21:49","slug":"vtv-cuales-son-los-nuevos-cambios-decretados-por-el-gobierno","status":"publish","type":"post","link":"https:\/\/elpueblonoticia.com.ar\/web\/2026\/03\/12\/vtv-cuales-son-los-nuevos-cambios-decretados-por-el-gobierno\/","title":{"rendered":"VTV: Cu\u00e1les son los nuevos cambios decretados por el gobierno"},"content":{"rendered":"<p>Las modificaciones quedaron oficializadas en el Decreto 139\/2026, que fue publicado el pasado lunes en el Bolet\u00edn Oficial. Los detalles en la nota.<\/p>\n<p>El Gobierno nacional confirm\u00f3 que las reformas en el sistema de Verificaci\u00f3n T\u00e9cnica Vehicular (VTV) seguir\u00e1n vigentes, rechazando el pedido de suspensi\u00f3n presentado por talleres y empresas del sector. Antes de los cambios, los controles de este tr\u00e1mite eran m\u00e1s generales, bajo la reglamentaci\u00f3n de la Ley de Tr\u00e1nsito y Seguridad Vial 24.449.<\/p>\n<p>El reclamo apuntaba al Decreto 196\/2025, que introdujo inspecciones m\u00e1s rigurosas y requisitos adicionales para mejorar la seguridad vial. De esta manera, la continuidad de las reformas qued\u00f3 oficializada en el Decreto 139\/2026, publicado el pasado lunes en el Bolet\u00edn Oficial, con la firma del presidente Javier Milei y del ministro de Econom\u00eda Luis Caputo.<\/p>\n<h2 data-start=\"437\" data-end=\"791\"><strong>VTV: cambios en los plazos y la periodicidad<\/strong><\/h2>\n<section class=\"detail-body\">\n<section class=\"body-content note-body content-protected-false\">\n<p data-start=\"115\" data-end=\"407\">Uno de los temas m\u00e1s pol\u00e9micos de la reforma se centra en la periodicidad de la\u00a0Revisi\u00f3n T\u00e9cnica Obligatoria\u00a0(RTO). Seg\u00fan la nueva regulaci\u00f3n,\u00a0los autos nuevos deber\u00e1n pasar su primera inspecci\u00f3n a los cinco a\u00f1os desde su patentamiento, en lugar de los tres a\u00f1os que se exig\u00edan hasta ahora.<\/p>\n<\/section>\n<\/section>\n<section class=\"detail-body\">\n<section class=\"body-content note-body content-protected-false\">\n<p data-start=\"409\" data-end=\"605\">Por su parte, los veh\u00edculos de hasta diez a\u00f1os de antig\u00fcedad tendr\u00e1n que someterse al control cada dos a\u00f1os, ampliando as\u00ed los intervalos de revisi\u00f3n respecto a lo que se aplicaba anteriormente.<\/p>\n<\/section>\n<\/section>\n<section class=\"detail-body\">\n<section class=\"body-content note-body content-protected-false\">\n<h2 data-start=\"409\" data-end=\"605\"><strong>Apertura del sistema y eliminaci\u00f3n de requisitos<\/strong><\/h2>\n<p data-start=\"141\" data-end=\"449\">Otro eje de discusi\u00f3n fue la actualizaci\u00f3n del\u00a0r\u00e9gimen de habilitaci\u00f3n de talleres. La nueva normativa establece que las autoridades locales\u00a0no podr\u00e1n limitar la cantidad de establecimientos que realicen la VTV ni imponer tarifas obligatorias, con el objetivo de fomentar la competencia dentro del sistema.<\/p>\n<\/section>\n<\/section>\n<section class=\"detail-body\">\n<section class=\"body-content note-body content-protected-false\">\n<p data-start=\"451\" data-end=\"1111\">Sin embargo, la\u00a0CATRAI\u00a0cuestion\u00f3 esta medida, advirtiendo que permitir la participaci\u00f3n de concesionarias, importadores u otros talleres podr\u00eda\u00a0poner en riesgo la imparcialidad de las inspecciones.<\/p>\n<p data-start=\"451\" data-end=\"1111\">El Gobierno, en cambio, se\u00f1al\u00f3 que la transparencia se asegura a trav\u00e9s de controles y fiscalizaciones del proceso, sin necesidad de restringir a los prestadores. Adem\u00e1s, se confirm\u00f3 la supresi\u00f3n del Informe de Configuraci\u00f3n de Modelo (ICM), como parte de un plan de simplificaci\u00f3n administrativa.<\/p>\n<p data-start=\"451\" data-end=\"1111\">\n<\/section>\n<\/section>\n","protected":false},"excerpt":{"rendered":"<p>Las modificaciones quedaron oficializadas en el Decreto 139\/2026, que fue publicado el pasado lunes en el Bolet\u00edn Oficial. Los detalles en la nota. El Gobierno nacional confirm\u00f3 que las reformas en el sistema de Verificaci\u00f3n T\u00e9cnica Vehicular (VTV) seguir\u00e1n vigentes, rechazando el pedido de suspensi\u00f3n presentado por talleres y empresas del sector. Antes de los [&hellip;]<\/p>\n","protected":false},"author":2,"featured_media":7923,"comment_status":"open","ping_status":"open","sticky":false,"template":"","format":"standard","meta":{"footnotes":""},"categories":[64],"tags":[],"class_list":{"0":"post-7922","1":"post","2":"type-post","3":"status-publish","4":"format-standard","5":"has-post-thumbnail","7":"category-nacionales"},"_links":{"self":[{"href":"https:\/\/elpueblonoticia.com.ar\/web\/wp-json\/wp\/v2\/posts\/7922","targetHints":{"allow":["GET"]}}],"collection":[{"href":"https:\/\/elpueblonoticia.com.ar\/web\/wp-json\/wp\/v2\/posts"}],"about":[{"href":"https:\/\/elpueblonoticia.com.ar\/web\/wp-json\/wp\/v2\/types\/post"}],"author":[{"embeddable":true,"href":"https:\/\/elpueblonoticia.com.ar\/web\/wp-json\/wp\/v2\/users\/2"}],"replies":[{"embeddable":true,"href":"https:\/\/elpueblonoticia.com.ar\/web\/wp-json\/wp\/v2\/comments?post=7922"}],"version-history":[{"count":1,"href":"https:\/\/elpueblonoticia.com.ar\/web\/wp-json\/wp\/v2\/posts\/7922\/revisions"}],"predecessor-version":[{"id":7924,"href":"https:\/\/elpueblonoticia.com.ar\/web\/wp-json\/wp\/v2\/posts\/7922\/revisions\/7924"}],"wp:featuredmedia":[{"embeddable":true,"href":"https:\/\/elpueblonoticia.com.ar\/web\/wp-json\/wp\/v2\/media\/7923"}],"wp:attachment":[{"href":"https:\/\/elpueblonoticia.com.ar\/web\/wp-json\/wp\/v2\/media?parent=7922"}],"wp:term":[{"taxonomy":"category","embeddable":true,"href":"https:\/\/elpueblonoticia.com.ar\/web\/wp-json\/wp\/v2\/categories?post=7922"},{"taxonomy":"post_tag","embeddable":true,"href":"https:\/\/elpueblonoticia.com.ar\/web\/wp-json\/wp\/v2\/tags?post=7922"}],"curies":[{"name":"wp","href":"https:\/\/api.w.org\/{rel}","templated":true}]}}