{"id":7913,"date":"2026-03-12T17:13:41","date_gmt":"2026-03-12T20:13:41","guid":{"rendered":"https:\/\/elpueblonoticia.com.ar\/web\/?p=7913"},"modified":"2026-03-12T17:13:41","modified_gmt":"2026-03-12T20:13:41","slug":"la-diocesis-de-goya-fortalecio-su-camino-sinodal-en-la-reunion-del-consejo-pastoral-diocesano","status":"publish","type":"post","link":"https:\/\/elpueblonoticia.com.ar\/web\/2026\/03\/12\/la-diocesis-de-goya-fortalecio-su-camino-sinodal-en-la-reunion-del-consejo-pastoral-diocesano\/","title":{"rendered":"La di\u00f3cesis de Goya fortaleci\u00f3 su camino sinodal en la reuni\u00f3n del consejo pastoral diocesano"},"content":{"rendered":"<p>Con esp\u00edritu de comuni\u00f3n y participaci\u00f3n, se reuni\u00f3 el Consejo Pastoral Diocesano de la di\u00f3cesis de Di\u00f3cesis de Goya, en el marco del camino sinodal que impulsa la Iglesia. El encuentro tuvo lugar en la parroquia Nuestra Se\u00f1ora del Pilar de la ciudad de Curuz\u00fa Cuati\u00e1 y fue presidido por el obispo diocesano, Adolfo Ram\u00f3n Canecin.<\/p>\n<p>Al iniciar la jornada, el obispo expres\u00f3 su agradecimiento a la comunidad local por la hospitalidad recibida, especialmente en la persona del p\u00e1rroco, Juan Carlos L\u00f3pez. \u201cQueremos agradecer a la comunidad de Curuz\u00fa Cuati\u00e1 que nos ha recibido para esta reuni\u00f3n\u201d, manifest\u00f3.<\/p>\n<p>Monse\u00f1or Canecin explic\u00f3 que el Consejo Pastoral Diocesano es el m\u00e1ximo organismo pastoral de la di\u00f3cesis y se re\u00fane ordinariamente tres veces al a\u00f1o. En \u00e9l est\u00e1n representadas todas las realidades de la Iglesia que peregrina en la di\u00f3cesis: delegados de los distintos departamentos pastorales, responsables de \u00e1reas y movimientos, estructuras sinodales, adem\u00e1s del vicario general, los sacerdotes decanos y otros agentes pastorales.<\/p>\n<p>\u201cEste organismo representa a toda la Iglesia que peregrina en la di\u00f3cesis de Goya\u201d, se\u00f1al\u00f3 el obispo, quien tambi\u00e9n record\u00f3 que el encuentro es convocado y presidido por el obispo, que cont\u00f3 con la colaboraci\u00f3n del equipo coordinador integrado por los j\u00f3venes Carlos Bargas y Florencia Ch\u00e1vez.<\/p>\n<p>En ese sentido, destac\u00f3 que la di\u00f3cesis desarrolla su plan pastoral a partir de tres orientaciones fundamentales: la centralidad de Jesucristo, la prioridad pastoral de los j\u00f3venes y una Iglesia en salida. \u201cPor eso hemos convocado tambi\u00e9n a los j\u00f3venes para que nos ayuden en este camino pastoral\u201d, subray\u00f3.<\/p>\n<p>Durante la reuni\u00f3n se abordaron diversos temas vinculados a la vida pastoral de la di\u00f3cesis, en un clima de escucha y discernimiento propio del estilo sinodal.<\/p>\n<p>El coordinador del encuentro, Carlos Bargas, expres\u00f3 su alegr\u00eda por poder concretar la reuni\u00f3n en Curuz\u00fa Cuati\u00e1 y destac\u00f3 la amplia participaci\u00f3n. \u201cEs el organismo de mayor participaci\u00f3n de la di\u00f3cesis. La finalidad tambi\u00e9n es evaluar c\u00f3mo venimos caminando con el plan pastoral diocesano y proyectar c\u00f3mo continuaremos desarroll\u00e1ndolo\u201d, indic\u00f3.<\/p>\n<p>La jornada comenz\u00f3 a las 8.30 con la adoraci\u00f3n eucar\u00edstica en el templo dedicado a Nuestra Se\u00f1ora del Pilar, continu\u00f3 con la presentaci\u00f3n del acta de la reuni\u00f3n anterior y el intercambio pastoral.<\/p>\n<p>Posteriormente se desarrollaron diversos espacios de trabajo y presentaci\u00f3n de informes, entre ellos el Equipo de Religiosidad Popular, el Plan Pastoral, la Pastoral Familiar con el movimiento Amor Conyugal, la Pastoral de Juventud, el Equipo Animador Sinodal, la Pastoral de Fe y Cultura y la Pastoral Vocacional.<\/p>\n<p>El encuentro concluy\u00f3 por la tarde con un espacio de evaluaci\u00f3n y cierre, reafirmando el compromiso de continuar caminando como Iglesia diocesana en clave sinodala.-<\/p>\n","protected":false},"excerpt":{"rendered":"<p>Con esp\u00edritu de comuni\u00f3n y participaci\u00f3n, se reuni\u00f3 el Consejo Pastoral Diocesano de la di\u00f3cesis de Di\u00f3cesis de Goya, en el marco del camino sinodal que impulsa la Iglesia. El encuentro tuvo lugar en la parroquia Nuestra Se\u00f1ora del Pilar de la ciudad de Curuz\u00fa Cuati\u00e1 y fue presidido por el obispo diocesano, Adolfo Ram\u00f3n [&hellip;]<\/p>\n","protected":false},"author":2,"featured_media":7914,"comment_status":"open","ping_status":"open","sticky":false,"template":"","format":"standard","meta":{"footnotes":""},"categories":[56],"tags":[],"class_list":{"0":"post-7913","1":"post","2":"type-post","3":"status-publish","4":"format-standard","5":"has-post-thumbnail","7":"category-locales"},"_links":{"self":[{"href":"https:\/\/elpueblonoticia.com.ar\/web\/wp-json\/wp\/v2\/posts\/7913","targetHints":{"allow":["GET"]}}],"collection":[{"href":"https:\/\/elpueblonoticia.com.ar\/web\/wp-json\/wp\/v2\/posts"}],"about":[{"href":"https:\/\/elpueblonoticia.com.ar\/web\/wp-json\/wp\/v2\/types\/post"}],"author":[{"embeddable":true,"href":"https:\/\/elpueblonoticia.com.ar\/web\/wp-json\/wp\/v2\/users\/2"}],"replies":[{"embeddable":true,"href":"https:\/\/elpueblonoticia.com.ar\/web\/wp-json\/wp\/v2\/comments?post=7913"}],"version-history":[{"count":1,"href":"https:\/\/elpueblonoticia.com.ar\/web\/wp-json\/wp\/v2\/posts\/7913\/revisions"}],"predecessor-version":[{"id":7915,"href":"https:\/\/elpueblonoticia.com.ar\/web\/wp-json\/wp\/v2\/posts\/7913\/revisions\/7915"}],"wp:featuredmedia":[{"embeddable":true,"href":"https:\/\/elpueblonoticia.com.ar\/web\/wp-json\/wp\/v2\/media\/7914"}],"wp:attachment":[{"href":"https:\/\/elpueblonoticia.com.ar\/web\/wp-json\/wp\/v2\/media?parent=7913"}],"wp:term":[{"taxonomy":"category","embeddable":true,"href":"https:\/\/elpueblonoticia.com.ar\/web\/wp-json\/wp\/v2\/categories?post=7913"},{"taxonomy":"post_tag","embeddable":true,"href":"https:\/\/elpueblonoticia.com.ar\/web\/wp-json\/wp\/v2\/tags?post=7913"}],"curies":[{"name":"wp","href":"https:\/\/api.w.org\/{rel}","templated":true}]}}