{"id":7907,"date":"2026-03-12T17:10:31","date_gmt":"2026-03-12T20:10:31","guid":{"rendered":"https:\/\/elpueblonoticia.com.ar\/web\/?p=7907"},"modified":"2026-03-12T17:10:31","modified_gmt":"2026-03-12T20:10:31","slug":"carlos-gomez-munoz-invita-a-conocer-goya-y-vivir-la-fiesta-nacional-del-surubi-2026","status":"publish","type":"post","link":"https:\/\/elpueblonoticia.com.ar\/web\/2026\/03\/12\/carlos-gomez-munoz-invita-a-conocer-goya-y-vivir-la-fiesta-nacional-del-surubi-2026\/","title":{"rendered":"Carlos G\u00f3mez Mu\u00f1oz invita a conocer Goya y vivir la Fiesta Nacional del Surub\u00ed 2026"},"content":{"rendered":"<p>Carlos G\u00f3mez Mu\u00f1oz, el hist\u00f3rico locutor del Mundial de Pesca e int\u00e9rprete del poema &#8220;Amarradero del Viento&#8221;, extendi\u00f3 una c\u00e1lida invitaci\u00f3n a todos los goyanos, pescadores y turistas para sumarse a la fiesta m\u00e1s grande de nuestra identidad. Dijo &#8220;es una de las cosas m\u00e1s grandes de Goya&#8221;.<\/p>\n<p>En un video promocional comenz\u00f3 diciendo el locutor y presentador de la fiesta: &#8220;Siento palpitar el coraz\u00f3n con todas las expectativas&#8221;, quien anticipa &#8220;esa visi\u00f3n maravillosa de multitudes vibrando en un solo latido todo lo que ofrece la Fiesta Nacional del Surub\u00ed&#8221;.<\/p>\n<p>Para \u00e9l, este evento cultural e identitario representa &#8220;una de las cosas m\u00e1s grandes que tiene Goya, porque ac\u00e1 conjugan voluntades, emociones, pensamientos, prop\u00f3sitos, compromisos, el \u00e9xito al cual le hacemos part\u00edcipes a tanta gente&#8221;. Luego, subray\u00f3 su singularidad: &#8220;Esto es \u00fanico en el pa\u00eds, preg\u00fantele a cualquiera, vengase a Goya&#8221;.<\/p>\n<p>G\u00f3mez Mu\u00f1oz cerr\u00f3 su llamado con orgullo: &#8220;Goya es Mundial de Pesca, Goya es cordial, Goya es anfitriona, Goya es capital de la amistad. Los esperamos&#8221;.<\/p>\n<p>La fiesta promete ser un encuentro inolvidable de tradici\u00f3n, pesca y camarader\u00eda en la capital mundial del surub\u00ed.<\/p>\n","protected":false},"excerpt":{"rendered":"<p>Carlos G\u00f3mez Mu\u00f1oz, el hist\u00f3rico locutor del Mundial de Pesca e int\u00e9rprete del poema &#8220;Amarradero del Viento&#8221;, extendi\u00f3 una c\u00e1lida invitaci\u00f3n a todos los goyanos, pescadores y turistas para sumarse a la fiesta m\u00e1s grande de nuestra identidad. Dijo &#8220;es una de las cosas m\u00e1s grandes de Goya&#8221;. En un video promocional comenz\u00f3 diciendo el [&hellip;]<\/p>\n","protected":false},"author":2,"featured_media":7908,"comment_status":"open","ping_status":"open","sticky":false,"template":"","format":"standard","meta":{"footnotes":""},"categories":[56],"tags":[],"class_list":{"0":"post-7907","1":"post","2":"type-post","3":"status-publish","4":"format-standard","5":"has-post-thumbnail","7":"category-locales"},"_links":{"self":[{"href":"https:\/\/elpueblonoticia.com.ar\/web\/wp-json\/wp\/v2\/posts\/7907","targetHints":{"allow":["GET"]}}],"collection":[{"href":"https:\/\/elpueblonoticia.com.ar\/web\/wp-json\/wp\/v2\/posts"}],"about":[{"href":"https:\/\/elpueblonoticia.com.ar\/web\/wp-json\/wp\/v2\/types\/post"}],"author":[{"embeddable":true,"href":"https:\/\/elpueblonoticia.com.ar\/web\/wp-json\/wp\/v2\/users\/2"}],"replies":[{"embeddable":true,"href":"https:\/\/elpueblonoticia.com.ar\/web\/wp-json\/wp\/v2\/comments?post=7907"}],"version-history":[{"count":1,"href":"https:\/\/elpueblonoticia.com.ar\/web\/wp-json\/wp\/v2\/posts\/7907\/revisions"}],"predecessor-version":[{"id":7909,"href":"https:\/\/elpueblonoticia.com.ar\/web\/wp-json\/wp\/v2\/posts\/7907\/revisions\/7909"}],"wp:featuredmedia":[{"embeddable":true,"href":"https:\/\/elpueblonoticia.com.ar\/web\/wp-json\/wp\/v2\/media\/7908"}],"wp:attachment":[{"href":"https:\/\/elpueblonoticia.com.ar\/web\/wp-json\/wp\/v2\/media?parent=7907"}],"wp:term":[{"taxonomy":"category","embeddable":true,"href":"https:\/\/elpueblonoticia.com.ar\/web\/wp-json\/wp\/v2\/categories?post=7907"},{"taxonomy":"post_tag","embeddable":true,"href":"https:\/\/elpueblonoticia.com.ar\/web\/wp-json\/wp\/v2\/tags?post=7907"}],"curies":[{"name":"wp","href":"https:\/\/api.w.org\/{rel}","templated":true}]}}