{"id":7904,"date":"2026-03-12T17:08:36","date_gmt":"2026-03-12T20:08:36","guid":{"rendered":"https:\/\/elpueblonoticia.com.ar\/web\/?p=7904"},"modified":"2026-03-12T17:08:36","modified_gmt":"2026-03-12T20:08:36","slug":"horror-en-chaco-asesino-a-su-ex-con-un-hacha-y-luego-abuso-mato-a-la-hija-de-17-anos","status":"publish","type":"post","link":"https:\/\/elpueblonoticia.com.ar\/web\/2026\/03\/12\/horror-en-chaco-asesino-a-su-ex-con-un-hacha-y-luego-abuso-mato-a-la-hija-de-17-anos\/","title":{"rendered":"Horror en Chaco: Asesin\u00f3 a su ex con un hacha y luego abus\u00f3 mat\u00f3 a la hija de 17 a\u00f1os"},"content":{"rendered":"<p>El brutal doble crimen ocurri\u00f3 en la localidad de Quitilipi. El principal sospechoso fue detenido y qued\u00f3 a disposici\u00f3n de la Justicia.<\/p>\n<p>El brutal asesinato de Juliana Marcela Fr\u00edas y su hija Diana G\u00f3mez ha dejado una marca de dolor e indignaci\u00f3n en toda la comunidad chaque\u00f1a, colocando nuevamente a la provincia en el centro de la escena nacional por la violencia de g\u00e9nero extrema. El hallazgo de los cuerpos se produjo luego de que familiares de las v\u00edctimas, preocupados por la falta de respuesta a los mensajes y llamadas, se acercaran a la vivienda y se encontraran con una escena dantesca que oblig\u00f3 a la intervenci\u00f3n inmediata de las fuerzas de seguridad locales.<\/p>\n<p>Fuentes policiales confirmaron que el arma homicida, un hacha con manchas hem\u00e1ticas, fue secuestrada en el lugar y ser\u00e1 sometida a rigurosas pericias de ADN para terminar de vincular formalmente al detenido con el doble crimen. Los investigadores sostienen la hip\u00f3tesis de que David Ojeda conoc\u00eda a la perfecci\u00f3n los movimientos de la casa, lo que le habr\u00eda permitido ingresar durante la madrugada sin forzar las aberturas, aprovechando el estado de indefensi\u00f3n de las v\u00edctimas mientras dorm\u00edan.<\/p>\n<p>La situaci\u00f3n judicial de Ojeda es sumamente comprometida, ya que la fiscal\u00eda no solo eval\u00faa el doble femicidio, sino que aguarda los resultados finales de la autopsia para confirmar los indicios de abuso sexual detectados en la adolescente de 17 a\u00f1os.<\/p>\n<p>De ratificarse esta circunstancia, la imputaci\u00f3n sumar\u00eda el agravante de abuso sexual con acceso carnal seguido de muerte y femicidio vinculado, una calificaci\u00f3n que prev\u00e9 como \u00fanica escala penal la prisi\u00f3n perpetua. El ensa\u00f1amiento detectado en los cuerpos refuerza la teor\u00eda de un ataque planificado y motivado por el control y la posesi\u00f3n.<\/p>\n<p>Mientras la localidad de Quitilipi se moviliza con vigilias y marchas espont\u00e1neas para exigir justicia, los peritos analizan el historial del agresor para determinar si exist\u00edan denuncias previas o medidas de restricci\u00f3n perimetral vigentes que no fueron suficientes para evitar la tragedia.<\/p>\n<p>La detenci\u00f3n de Ojeda en una zona rural, tras permanecer pr\u00f3fugo durante varias horas, cerr\u00f3 una primera etapa de la investigaci\u00f3n, pero abri\u00f3 un profundo debate social sobre la desprotecci\u00f3n de las mujeres en la regi\u00f3n y la necesidad de respuestas institucionales m\u00e1s efectivas ante se\u00f1ales de violencia previa.<\/p>\n<p>&nbsp;<\/p>\n","protected":false},"excerpt":{"rendered":"<p>El brutal doble crimen ocurri\u00f3 en la localidad de Quitilipi. El principal sospechoso fue detenido y qued\u00f3 a disposici\u00f3n de la Justicia. El brutal asesinato de Juliana Marcela Fr\u00edas y su hija Diana G\u00f3mez ha dejado una marca de dolor e indignaci\u00f3n en toda la comunidad chaque\u00f1a, colocando nuevamente a la provincia en el centro [&hellip;]<\/p>\n","protected":false},"author":2,"featured_media":7905,"comment_status":"open","ping_status":"open","sticky":false,"template":"","format":"standard","meta":{"footnotes":""},"categories":[68],"tags":[],"class_list":{"0":"post-7904","1":"post","2":"type-post","3":"status-publish","4":"format-standard","5":"has-post-thumbnail","7":"category-policiales-nacionales"},"_links":{"self":[{"href":"https:\/\/elpueblonoticia.com.ar\/web\/wp-json\/wp\/v2\/posts\/7904","targetHints":{"allow":["GET"]}}],"collection":[{"href":"https:\/\/elpueblonoticia.com.ar\/web\/wp-json\/wp\/v2\/posts"}],"about":[{"href":"https:\/\/elpueblonoticia.com.ar\/web\/wp-json\/wp\/v2\/types\/post"}],"author":[{"embeddable":true,"href":"https:\/\/elpueblonoticia.com.ar\/web\/wp-json\/wp\/v2\/users\/2"}],"replies":[{"embeddable":true,"href":"https:\/\/elpueblonoticia.com.ar\/web\/wp-json\/wp\/v2\/comments?post=7904"}],"version-history":[{"count":1,"href":"https:\/\/elpueblonoticia.com.ar\/web\/wp-json\/wp\/v2\/posts\/7904\/revisions"}],"predecessor-version":[{"id":7906,"href":"https:\/\/elpueblonoticia.com.ar\/web\/wp-json\/wp\/v2\/posts\/7904\/revisions\/7906"}],"wp:featuredmedia":[{"embeddable":true,"href":"https:\/\/elpueblonoticia.com.ar\/web\/wp-json\/wp\/v2\/media\/7905"}],"wp:attachment":[{"href":"https:\/\/elpueblonoticia.com.ar\/web\/wp-json\/wp\/v2\/media?parent=7904"}],"wp:term":[{"taxonomy":"category","embeddable":true,"href":"https:\/\/elpueblonoticia.com.ar\/web\/wp-json\/wp\/v2\/categories?post=7904"},{"taxonomy":"post_tag","embeddable":true,"href":"https:\/\/elpueblonoticia.com.ar\/web\/wp-json\/wp\/v2\/tags?post=7904"}],"curies":[{"name":"wp","href":"https:\/\/api.w.org\/{rel}","templated":true}]}}