{"id":7896,"date":"2026-03-12T16:51:54","date_gmt":"2026-03-12T19:51:54","guid":{"rendered":"https:\/\/elpueblonoticia.com.ar\/web\/?p=7896"},"modified":"2026-03-12T16:51:54","modified_gmt":"2026-03-12T19:51:54","slug":"inscripciones-abiertas-para-curso-gratuito-sobre-experiencia-interpretativa-en-espacios-culturales-y-museos","status":"publish","type":"post","link":"https:\/\/elpueblonoticia.com.ar\/web\/2026\/03\/12\/inscripciones-abiertas-para-curso-gratuito-sobre-experiencia-interpretativa-en-espacios-culturales-y-museos\/","title":{"rendered":"INSCRIPCIONES ABIERTAS PARA CURSO GRATUITO SOBRE EXPERIENCIA INTERPRETATIVA EN ESPACIOS CULTURALES Y MUSEOS"},"content":{"rendered":"<p style=\"font-weight: 400;\">Se encuentran abiertas las inscripciones para el curso \u201cExperiencia Interpretativa, construcci\u00f3n del conocimiento y rol del gu\u00eda-mediador de espacios culturales y museos\u201d, una propuesta de formaci\u00f3n que se dictar\u00e1 desde abril en el Centro Regional Goya de la Universidad Nacional del Nordeste (UNNE).<\/p>\n<p style=\"font-weight: 400;\">La capacitaci\u00f3n estar\u00e1 a cargo de la profesora D\u00e9bora Dur\u00e1n y comenzar\u00e1 el s\u00e1bado 11 de abril, en el horario de 9 a 12 horas, con modalidad presencial en el Centro Regional Goya, ubicado en Col\u00f3n 538, en la ciudad de Goya.<\/p>\n<p style=\"font-weight: 400;\">Se trata de un curso gratuito destinado a t\u00e9cnicos o docentes en Artes Visuales, as\u00ed como tambi\u00e9n a estudiantes del \u00faltimo a\u00f1o de profesorados o tecnicaturas en Artes Visuales, y a personas interesadas en desempe\u00f1arse como gu\u00edas int\u00e9rpretes de espacios culturales y museos. La propuesta busca brindar herramientas te\u00f3ricas y pr\u00e1cticas vinculadas a la interpretaci\u00f3n del patrimonio cultural, la construcci\u00f3n de conocimiento en \u00e1mbitos muse\u00edsticos y el rol del gu\u00eda-mediador en procesos educativos y culturales.<\/p>\n<p style=\"font-weight: 400;\">\n<p style=\"font-weight: 400;\">Desde la organizaci\u00f3n indicaron que las inscripciones deben realizarse a trav\u00e9s del sistema SIU Guaran\u00ed, siguiendo el procedimiento correspondiente. Adem\u00e1s, para consultas o mayor informaci\u00f3n, los interesados pueden comunicarse mediante el correo electr\u00f3nico <a href=\"mailto:unnecursosccu@gmail.com\">unnecursosccu@gmail.com<\/a><\/p>\n<p style=\"font-weight: 400;\">Quienes deseen conocer m\u00e1s detalles sobre el curso y el proceso de inscripci\u00f3n pueden acceder al siguiente enlace oficial de la UNNE:<\/p>\n<p style=\"font-weight: 400;\"><a href=\"https:\/\/www.unne.edu.ar\/extension\/capacitacion.php?uid=7dc601674f74bfe4f689d596c498ec0c\">https:\/\/www.unne.edu.ar\/extension\/capacitacion.php?uid=7dc601674f74bfe4f689d596c498ec0c<\/a><\/p>\n","protected":false},"excerpt":{"rendered":"<p>Se encuentran abiertas las inscripciones para el curso \u201cExperiencia Interpretativa, construcci\u00f3n del conocimiento y rol del gu\u00eda-mediador de espacios culturales y museos\u201d, una propuesta de formaci\u00f3n que se dictar\u00e1 desde abril en el Centro Regional Goya de la Universidad Nacional del Nordeste (UNNE). La capacitaci\u00f3n estar\u00e1 a cargo de la profesora D\u00e9bora Dur\u00e1n y comenzar\u00e1 [&hellip;]<\/p>\n","protected":false},"author":2,"featured_media":7897,"comment_status":"open","ping_status":"open","sticky":false,"template":"","format":"standard","meta":{"footnotes":""},"categories":[56],"tags":[],"class_list":{"0":"post-7896","1":"post","2":"type-post","3":"status-publish","4":"format-standard","5":"has-post-thumbnail","7":"category-locales"},"_links":{"self":[{"href":"https:\/\/elpueblonoticia.com.ar\/web\/wp-json\/wp\/v2\/posts\/7896","targetHints":{"allow":["GET"]}}],"collection":[{"href":"https:\/\/elpueblonoticia.com.ar\/web\/wp-json\/wp\/v2\/posts"}],"about":[{"href":"https:\/\/elpueblonoticia.com.ar\/web\/wp-json\/wp\/v2\/types\/post"}],"author":[{"embeddable":true,"href":"https:\/\/elpueblonoticia.com.ar\/web\/wp-json\/wp\/v2\/users\/2"}],"replies":[{"embeddable":true,"href":"https:\/\/elpueblonoticia.com.ar\/web\/wp-json\/wp\/v2\/comments?post=7896"}],"version-history":[{"count":1,"href":"https:\/\/elpueblonoticia.com.ar\/web\/wp-json\/wp\/v2\/posts\/7896\/revisions"}],"predecessor-version":[{"id":7898,"href":"https:\/\/elpueblonoticia.com.ar\/web\/wp-json\/wp\/v2\/posts\/7896\/revisions\/7898"}],"wp:featuredmedia":[{"embeddable":true,"href":"https:\/\/elpueblonoticia.com.ar\/web\/wp-json\/wp\/v2\/media\/7897"}],"wp:attachment":[{"href":"https:\/\/elpueblonoticia.com.ar\/web\/wp-json\/wp\/v2\/media?parent=7896"}],"wp:term":[{"taxonomy":"category","embeddable":true,"href":"https:\/\/elpueblonoticia.com.ar\/web\/wp-json\/wp\/v2\/categories?post=7896"},{"taxonomy":"post_tag","embeddable":true,"href":"https:\/\/elpueblonoticia.com.ar\/web\/wp-json\/wp\/v2\/tags?post=7896"}],"curies":[{"name":"wp","href":"https:\/\/api.w.org\/{rel}","templated":true}]}}