{"id":7892,"date":"2026-03-12T16:37:56","date_gmt":"2026-03-12T19:37:56","guid":{"rendered":"https:\/\/elpueblonoticia.com.ar\/web\/?p=7892"},"modified":"2026-03-12T16:37:56","modified_gmt":"2026-03-12T19:37:56","slug":"manuel-adorni-se-defendio-de-las-criticas-tras-llevar-a-su-esposa-en-el-avion-presidencial","status":"publish","type":"post","link":"https:\/\/elpueblonoticia.com.ar\/web\/2026\/03\/12\/manuel-adorni-se-defendio-de-las-criticas-tras-llevar-a-su-esposa-en-el-avion-presidencial\/","title":{"rendered":"Manuel Adorni se defendi\u00f3 de las cr\u00edticas tras llevar a su esposa en el avi\u00f3n presidencial"},"content":{"rendered":"<p>Luego de que la inclusi\u00f3n de Bettina Angeletti en el viaje oficial resultara pol\u00e9mica, el jefe de Gabinete sali\u00f3 al cruce en el cierre de la &#8220;Argentina Week&#8221;.<\/p>\n<p>Mientras el presidente Javier Milei desarrollaba su agenda en Chile, el jefe de Gabinete, Manuel Adorni, puso el broche final a la Argentina Week en Estados Unidos. El cierre del evento no estuvo exento de tensi\u00f3n, ya que el funcionario aprovech\u00f3 para responder directamente a las cr\u00edticas por la inclusi\u00f3n de su esposa en la delegaci\u00f3n oficial.<\/p>\n<p>En este sentido y pese a que el viaje en el avi\u00f3n presidencial deriv\u00f3 en una denuncia penal por malversaci\u00f3n de caudales p\u00fablicos y uso indebido de bienes del Estado, el funcionario se mostr\u00f3 desafiante, al no escatimar en adjetivos para desestimar los cuestionamientos sobre la presencia de su c\u00f3nyuge \u2014justificada previamente con un simple &#8220;Yo quer\u00eda que venga y Presidencia la invit\u00f3&#8221;\u2014 y centr\u00f3 su defensa en un supuesto ataque coordinado.<\/p>\n<p>&#8220;No importa cu\u00e1nto hayan querido empa\u00f1ar este evento, esta Argentina Week 2026 de intens\u00edsimo trabajo. Intentaron con mentiras, con fake news, con im\u00e1genes trucadas con Inteligencia Artificial, pero no nos van a correr de consolidar el proyecto de pa\u00eds que queremos&#8221;, sentenci\u00f3.<\/p>\n<section class=\"detail-body\">\n<section class=\"body-content note-body content-protected-false\">\n<h2><strong>El llamado a la acci\u00f3n libertaria<\/strong><\/h2>\n<p data-path-to-node=\"9\">M\u00e1s all\u00e1 de la pol\u00e9mica judicial, el discurso busc\u00f3 reforzar los pilares ideol\u00f3gicos del Gobierno, haciendo hincapi\u00e9 en el modelo econ\u00f3mico y el federalismo. Sin embargo, el punto m\u00e1s alto de su alocuci\u00f3n fue el pedido directo a sus seguidores y aliados para profundizar la confrontaci\u00f3n ideol\u00f3gica:\u00a0pidi\u00f3 expl\u00edcitamente no retroceder en el debate p\u00fablico e implor\u00f3 a sus adeptos que se contin\u00faen sumando a &#8220;dar la batalla cultural&#8221;.<\/p>\n<\/section>\n<\/section>\n<section class=\"detail-body\">\n<section class=\"body-content note-body content-protected-false\">\n<p data-path-to-node=\"9\">Por otro lado, el jefe de Gabinete proyect\u00f3 una visi\u00f3n optimista sobre la estructura productiva del pa\u00eds. El funcionario, de pasado en los medios, desestim\u00f3 los temores sobre el impacto de las nuevas inversiones en el sector fabril.\u00a0<strong data-path-to-node=\"6,0\" data-index-in-node=\"0\">&#8220;<\/strong>La inversi\u00f3n en sectores de alta productividad no gener\u00e1 una desindustrializaci\u00f3n, sino lo opuesto: la Argentina ser\u00e1 capaz de integrar verticalmente sus cadenas de valor de acuerdo a las necesidades y est\u00e1ndares de todo el hemisferio<strong data-path-to-node=\"6,0\" data-index-in-node=\"0\">&#8220;<\/strong>, asegur\u00f3.<\/p>\n<p>En su discurso, Adorni tambi\u00e9n hizo hincapi\u00e9 en un cambio de paradigma para las administraciones provinciales. Seg\u00fan su visi\u00f3n, el pa\u00eds ofrece hoy\u00a0&#8220;por primera vez en d\u00e9cadas&#8221;\u00a0un\u00a0&#8220;federalismo real determinado por reglas claras, justas y uniformes para todo el territorio&#8221;.<\/p>\n<\/section>\n<\/section>\n","protected":false},"excerpt":{"rendered":"<p>Luego de que la inclusi\u00f3n de Bettina Angeletti en el viaje oficial resultara pol\u00e9mica, el jefe de Gabinete sali\u00f3 al cruce en el cierre de la &#8220;Argentina Week&#8221;. Mientras el presidente Javier Milei desarrollaba su agenda en Chile, el jefe de Gabinete, Manuel Adorni, puso el broche final a la Argentina Week en Estados Unidos. [&hellip;]<\/p>\n","protected":false},"author":2,"featured_media":7893,"comment_status":"open","ping_status":"open","sticky":false,"template":"","format":"standard","meta":{"footnotes":""},"categories":[66],"tags":[],"class_list":{"0":"post-7892","1":"post","2":"type-post","3":"status-publish","4":"format-standard","5":"has-post-thumbnail","7":"category-politica-nacionales"},"_links":{"self":[{"href":"https:\/\/elpueblonoticia.com.ar\/web\/wp-json\/wp\/v2\/posts\/7892","targetHints":{"allow":["GET"]}}],"collection":[{"href":"https:\/\/elpueblonoticia.com.ar\/web\/wp-json\/wp\/v2\/posts"}],"about":[{"href":"https:\/\/elpueblonoticia.com.ar\/web\/wp-json\/wp\/v2\/types\/post"}],"author":[{"embeddable":true,"href":"https:\/\/elpueblonoticia.com.ar\/web\/wp-json\/wp\/v2\/users\/2"}],"replies":[{"embeddable":true,"href":"https:\/\/elpueblonoticia.com.ar\/web\/wp-json\/wp\/v2\/comments?post=7892"}],"version-history":[{"count":1,"href":"https:\/\/elpueblonoticia.com.ar\/web\/wp-json\/wp\/v2\/posts\/7892\/revisions"}],"predecessor-version":[{"id":7894,"href":"https:\/\/elpueblonoticia.com.ar\/web\/wp-json\/wp\/v2\/posts\/7892\/revisions\/7894"}],"wp:featuredmedia":[{"embeddable":true,"href":"https:\/\/elpueblonoticia.com.ar\/web\/wp-json\/wp\/v2\/media\/7893"}],"wp:attachment":[{"href":"https:\/\/elpueblonoticia.com.ar\/web\/wp-json\/wp\/v2\/media?parent=7892"}],"wp:term":[{"taxonomy":"category","embeddable":true,"href":"https:\/\/elpueblonoticia.com.ar\/web\/wp-json\/wp\/v2\/categories?post=7892"},{"taxonomy":"post_tag","embeddable":true,"href":"https:\/\/elpueblonoticia.com.ar\/web\/wp-json\/wp\/v2\/tags?post=7892"}],"curies":[{"name":"wp","href":"https:\/\/api.w.org\/{rel}","templated":true}]}}