{"id":7874,"date":"2026-03-12T16:08:39","date_gmt":"2026-03-12T19:08:39","guid":{"rendered":"https:\/\/elpueblonoticia.com.ar\/web\/?p=7874"},"modified":"2026-03-12T16:08:39","modified_gmt":"2026-03-12T19:08:39","slug":"alerta-turistas-de-fin-de-semana-largo-anuncian-paro-en-vuelos-de-todo-el-pais","status":"publish","type":"post","link":"https:\/\/elpueblonoticia.com.ar\/web\/2026\/03\/12\/alerta-turistas-de-fin-de-semana-largo-anuncian-paro-en-vuelos-de-todo-el-pais\/","title":{"rendered":"Alerta turistas de fin de semana largo: Anuncian paro en vuelos de todo el pa\u00eds"},"content":{"rendered":"<p>El gremio de ANAC anunci\u00f3 una huelga que afectar\u00e1 los vuelos comerciales en pleno fin de semana largo. Habr\u00e1 cancelaciones del 18 al 24 de marzo.<\/p>\n<p>La Asociaci\u00f3n de Trabajadores del Estado (ATE) anunci\u00f3 una dr\u00e1stica medida de fuerza que impactar\u00e1 de lleno en los aeropuertos del pa\u00eds. A trav\u00e9s de un comunicado oficial, el gremio de ANAC confirm\u00f3 un paro que arruinar\u00e1 los planes de miles de turistas durante el fin de semana largo.<\/p>\n<section class=\"detail-body second-paragraph\">\n<section class=\"body-content note-body content-protected-false\">\n<p data-path-to-node=\"5\">La huelga se llevar\u00e1 a cabo entre el mi\u00e9rcoles 18 y el martes 24 de marzo inclusive, generando previsibles demoras y cancelaciones masivas en todo el transporte aerocomercial a nivel nacional.<\/p>\n<\/section>\n<\/section>\n<div class=\"banner-container\">\n<div class=\"banner-wrapper free-banner\">\n<div id=\"ad-slot-outstream\" class=\"ad-slot ad-slot-outstream\" data-lazyload=\"1\" data-adtype=\"outstream\" data-google-query-id=\"CP3Jq4XimJMDFc-DYQYdfzojGg\">\n<div id=\"google_ads_iframe_\/5491998\/Minuto1\/Not-outstream_0__container__\">\n<section class=\"detail-body\">\n<section class=\"body-content note-body content-protected-false\">\n<h2 data-path-to-node=\"6\"><strong>Vuelos cancelados y horarios afectados<\/strong><\/h2>\n<p data-path-to-node=\"7\">Desde ATE ANAC detallaron que la protesta no ser\u00e1 por 24 horas continuas, sino que se aplicar\u00e1 mediante un cese de tareas que paralizar\u00e1 los\u00a0<strong data-path-to-node=\"7\" data-index-in-node=\"141\">vuelos<\/strong>\u00a0en dos franjas horarias espec\u00edficas durante cada jornada:<\/p>\n<\/section>\n<\/section>\n<section class=\"detail-body\">\n<section class=\"body-content note-body content-protected-false\">\n<ul data-path-to-node=\"8\">\n<li>\n<p data-path-to-node=\"8,0,0\"><strong data-path-to-node=\"8,0,0\" data-index-in-node=\"0\">Turno ma\u00f1ana:<\/strong>\u00a0De 09:00 a 12:00 horas.<\/p>\n<\/li>\n<li>\n<p data-path-to-node=\"8,1,0\"><strong data-path-to-node=\"8,1,0\" data-index-in-node=\"0\">Turno tarde\/noche:<\/strong>\u00a0De 16:00 a 20:00 horas.<\/p>\n<\/li>\n<\/ul>\n<p data-path-to-node=\"9\">Durante esos bloques horarios de retenci\u00f3n de tareas, el gremio aclar\u00f3 que solo se garantizar\u00e1 la asistencia t\u00e9cnica para aviones oficiales, sanitarios y humanitarios.<\/p>\n<\/section>\n<\/section>\n<section class=\"detail-body\">\n<section class=\"body-content note-body content-protected-false\">\n<h2 data-path-to-node=\"10\"><strong>Los motivos del paro en los aeropuertos durante el fin de semana largo<\/strong><\/h2>\n<p data-path-to-node=\"11\">La decisi\u00f3n de frenar el funcionamiento de las terminales a\u00e9reas fue tomada de manera colectiva en asambleas. El reclamo central de la\u00a0<strong data-path-to-node=\"11\" data-index-in-node=\"135\">ANAC<\/strong>\u00a0apunta contra las autoridades gubernamentales por aumentos salariales que fueron acordados previamente pero que a\u00fan no se efectivizaron en los recibos de sueldo.<\/p>\n<p data-path-to-node=\"12\">Mercedes Cabezas, secretaria general adjunta de\u00a0<strong data-path-to-node=\"12\" data-index-in-node=\"48\">ATE<\/strong>\u00a0Nacional, apunt\u00f3 duramente contra la gesti\u00f3n: \u201cEl\u00a0paro\u00a0siempre es la \u00faltima herramienta que tenemos porque no queremos afectar a los usuarios, pero nos vienen mintiendo en la cara\u201d.<\/p>\n<p data-path-to-node=\"13\">La dirigente detall\u00f3 que a principios de febrero hab\u00edan mantenido una reuni\u00f3n donde los funcionarios acordaron pagar el aumento, algo que finalmente no cumplieron. \u201cLa situaci\u00f3n ya es insostenible\u201d, sentenci\u00f3. Por \u00faltimo, desde el sindicato exigieron a las empresas que informen con anticipaci\u00f3n a los pasajeros para intentar minimizar el caos inminente en todos los\u00a0aeropuertos.<\/p>\n<\/section>\n<\/section>\n<\/div>\n<\/div>\n<\/div>\n<\/div>\n","protected":false},"excerpt":{"rendered":"<p>El gremio de ANAC anunci\u00f3 una huelga que afectar\u00e1 los vuelos comerciales en pleno fin de semana largo. Habr\u00e1 cancelaciones del 18 al 24 de marzo. La Asociaci\u00f3n de Trabajadores del Estado (ATE) anunci\u00f3 una dr\u00e1stica medida de fuerza que impactar\u00e1 de lleno en los aeropuertos del pa\u00eds. A trav\u00e9s de un comunicado oficial, el [&hellip;]<\/p>\n","protected":false},"author":2,"featured_media":7875,"comment_status":"open","ping_status":"open","sticky":false,"template":"","format":"standard","meta":{"footnotes":""},"categories":[64],"tags":[],"class_list":{"0":"post-7874","1":"post","2":"type-post","3":"status-publish","4":"format-standard","5":"has-post-thumbnail","7":"category-nacionales"},"_links":{"self":[{"href":"https:\/\/elpueblonoticia.com.ar\/web\/wp-json\/wp\/v2\/posts\/7874","targetHints":{"allow":["GET"]}}],"collection":[{"href":"https:\/\/elpueblonoticia.com.ar\/web\/wp-json\/wp\/v2\/posts"}],"about":[{"href":"https:\/\/elpueblonoticia.com.ar\/web\/wp-json\/wp\/v2\/types\/post"}],"author":[{"embeddable":true,"href":"https:\/\/elpueblonoticia.com.ar\/web\/wp-json\/wp\/v2\/users\/2"}],"replies":[{"embeddable":true,"href":"https:\/\/elpueblonoticia.com.ar\/web\/wp-json\/wp\/v2\/comments?post=7874"}],"version-history":[{"count":1,"href":"https:\/\/elpueblonoticia.com.ar\/web\/wp-json\/wp\/v2\/posts\/7874\/revisions"}],"predecessor-version":[{"id":7876,"href":"https:\/\/elpueblonoticia.com.ar\/web\/wp-json\/wp\/v2\/posts\/7874\/revisions\/7876"}],"wp:featuredmedia":[{"embeddable":true,"href":"https:\/\/elpueblonoticia.com.ar\/web\/wp-json\/wp\/v2\/media\/7875"}],"wp:attachment":[{"href":"https:\/\/elpueblonoticia.com.ar\/web\/wp-json\/wp\/v2\/media?parent=7874"}],"wp:term":[{"taxonomy":"category","embeddable":true,"href":"https:\/\/elpueblonoticia.com.ar\/web\/wp-json\/wp\/v2\/categories?post=7874"},{"taxonomy":"post_tag","embeddable":true,"href":"https:\/\/elpueblonoticia.com.ar\/web\/wp-json\/wp\/v2\/tags?post=7874"}],"curies":[{"name":"wp","href":"https:\/\/api.w.org\/{rel}","templated":true}]}}