{"id":7866,"date":"2026-03-12T15:54:20","date_gmt":"2026-03-12T18:54:20","guid":{"rendered":"https:\/\/elpueblonoticia.com.ar\/web\/?p=7866"},"modified":"2026-03-12T15:54:20","modified_gmt":"2026-03-12T18:54:20","slug":"dolor-en-la-seleccion-argentina-murio-el-padre-de-pablo-aimar","status":"publish","type":"post","link":"https:\/\/elpueblonoticia.com.ar\/web\/2026\/03\/12\/dolor-en-la-seleccion-argentina-murio-el-padre-de-pablo-aimar\/","title":{"rendered":"Dolor en la selecci\u00f3n Argentina: muri\u00f3 el padre de Pablo Aimar"},"content":{"rendered":"<p>A menos de 100 d\u00edas para el Mundial 2026, el ayudante de Lionel Scaloni sufri\u00f3 la p\u00e9rdida de su padre, Ricardo &#8220;Payo&#8221; Aimar.<\/p>\n<p>El f\u00fatbol argentino, y especialmente el cuerpo t\u00e9cnico de la Selecci\u00f3n Nacional, atraviesa un profundo luto tras confirmarse este\u00a0martes 10 de marzo\u00a0el fallecimiento de\u00a0Ricardo &#8220;Payo&#8221; Aimar, padre del exjugador y actual integrante del staff t\u00e9cnico albiceleste,\u00a0Pablo C\u00e9sar Aimar.<\/p>\n<section class=\"detail-body second-paragraph\">\n<section class=\"body-content note-body content-protected-false\">\n<p data-path-to-node=\"0\">La noticia fue confirmada en redes sociales por la cuenta de la AFA, que public\u00f3 en sentido mensaje de despedida, con el p\u00e9same para el ayudante de\u00a0Lionel Scaloni.<\/p>\n<section class=\"detail-body\">\n<section class=\"body-content note-body content-protected-false\">\n<p data-path-to-node=\"3\">Ricardo Aimar fue mucho m\u00e1s que &#8220;el padre de los Aimar&#8221;. Se consolid\u00f3 como una figura emblem\u00e1tica del deporte en\u00a0R\u00edo Cuarto, su ciudad natal, brillando como futbolista en el club\u00a0Banda Norte\u00a0durante la d\u00e9cada de los 70.<\/p>\n<\/section>\n<\/section>\n<section class=\"detail-body\">\n<section class=\"body-content note-body content-protected-false\">\n<p data-path-to-node=\"3\">Su influencia fue determinante no solo en la carrera de Pablo, sino tambi\u00e9n en la de su otro hijo,\u00a0Andr\u00e9s Aimar, quien tuvo un recordado paso por\u00a0Estudiantes de La Plata.<\/p>\n<h2><strong>Un dif\u00edcil momento personal para Pablo Aimar<\/strong><\/h2>\n<p data-path-to-node=\"5\">Seg\u00fan informaron medios de C\u00f3rdoba, Ricardo se encontraba internado en el Instituto M\u00e9dico de R\u00edo Cuarto debido a complicaciones de salud que arrastraba desde hac\u00eda tiempo. Esta dolorosa noticia golpea nuevamente el seno familiar, que en octubre de 2022 \u2014apenas meses antes de la gloria en Qatar\u2014 sufri\u00f3 la p\u00e9rdida de la madre de Pablo,\u00a0Mary Giordano.<\/p>\n<p data-path-to-node=\"6\">Aquella ausencia marc\u00f3 emocionalmente a &#8220;el Payasito&#8221;, quien tiempo despu\u00e9s confes\u00f3 que su ic\u00f3nico llanto desconsolado junto a Lionel Scaloni tras el gol a M\u00e9xico en el Mundial fue, en gran parte, una descarga por el duelo que guardaba en silencio.<\/p>\n<\/section>\n<\/section>\n<\/section>\n<\/section>\n","protected":false},"excerpt":{"rendered":"<p>A menos de 100 d\u00edas para el Mundial 2026, el ayudante de Lionel Scaloni sufri\u00f3 la p\u00e9rdida de su padre, Ricardo &#8220;Payo&#8221; Aimar. El f\u00fatbol argentino, y especialmente el cuerpo t\u00e9cnico de la Selecci\u00f3n Nacional, atraviesa un profundo luto tras confirmarse este\u00a0martes 10 de marzo\u00a0el fallecimiento de\u00a0Ricardo &#8220;Payo&#8221; Aimar, padre del exjugador y actual integrante [&hellip;]<\/p>\n","protected":false},"author":2,"featured_media":7867,"comment_status":"open","ping_status":"open","sticky":false,"template":"","format":"standard","meta":{"footnotes":""},"categories":[76],"tags":[],"class_list":{"0":"post-7866","1":"post","2":"type-post","3":"status-publish","4":"format-standard","5":"has-post-thumbnail","7":"category-deportes"},"_links":{"self":[{"href":"https:\/\/elpueblonoticia.com.ar\/web\/wp-json\/wp\/v2\/posts\/7866","targetHints":{"allow":["GET"]}}],"collection":[{"href":"https:\/\/elpueblonoticia.com.ar\/web\/wp-json\/wp\/v2\/posts"}],"about":[{"href":"https:\/\/elpueblonoticia.com.ar\/web\/wp-json\/wp\/v2\/types\/post"}],"author":[{"embeddable":true,"href":"https:\/\/elpueblonoticia.com.ar\/web\/wp-json\/wp\/v2\/users\/2"}],"replies":[{"embeddable":true,"href":"https:\/\/elpueblonoticia.com.ar\/web\/wp-json\/wp\/v2\/comments?post=7866"}],"version-history":[{"count":1,"href":"https:\/\/elpueblonoticia.com.ar\/web\/wp-json\/wp\/v2\/posts\/7866\/revisions"}],"predecessor-version":[{"id":7868,"href":"https:\/\/elpueblonoticia.com.ar\/web\/wp-json\/wp\/v2\/posts\/7866\/revisions\/7868"}],"wp:featuredmedia":[{"embeddable":true,"href":"https:\/\/elpueblonoticia.com.ar\/web\/wp-json\/wp\/v2\/media\/7867"}],"wp:attachment":[{"href":"https:\/\/elpueblonoticia.com.ar\/web\/wp-json\/wp\/v2\/media?parent=7866"}],"wp:term":[{"taxonomy":"category","embeddable":true,"href":"https:\/\/elpueblonoticia.com.ar\/web\/wp-json\/wp\/v2\/categories?post=7866"},{"taxonomy":"post_tag","embeddable":true,"href":"https:\/\/elpueblonoticia.com.ar\/web\/wp-json\/wp\/v2\/tags?post=7866"}],"curies":[{"name":"wp","href":"https:\/\/api.w.org\/{rel}","templated":true}]}}