{"id":7848,"date":"2026-03-11T12:39:03","date_gmt":"2026-03-11T15:39:03","guid":{"rendered":"https:\/\/elpueblonoticia.com.ar\/web\/?p=7848"},"modified":"2026-03-11T12:39:03","modified_gmt":"2026-03-11T15:39:03","slug":"el-gobierno-de-corrientes-difunde-cronograma-de-pago-del-plus-de-refuerzo-de-marzo-para-los-estatales","status":"publish","type":"post","link":"https:\/\/elpueblonoticia.com.ar\/web\/2026\/03\/11\/el-gobierno-de-corrientes-difunde-cronograma-de-pago-del-plus-de-refuerzo-de-marzo-para-los-estatales\/","title":{"rendered":"El gobierno de Corrientes difunde cronograma de pago del plus de refuerzo de Marzo para los estatales"},"content":{"rendered":"<p>El beneficio adicional alcanzar\u00e1 personal activo provincial y sector jubilado. Los dep\u00f3sitos se organizar\u00e1n seg\u00fan finalizaci\u00f3n del DNI.<\/p>\n<p>El Gobierno provincial inform\u00f3 el esquema de acreditaci\u00f3n correspondiente al adicional extraordinario destinado a trabajadores de la administraci\u00f3n p\u00fablica y jubilados. La liquidaci\u00f3n se realizar\u00e1 de manera escalonada durante la segunda mitad del mes, siguiendo el n\u00famero final del Documento Nacional de Identidad.<\/p>\n<p>De acuerdo con el detalle oficial, quienes posean documentos terminados en 0 y 1 recibir\u00e1n la acreditaci\u00f3n el jueves 12. Al d\u00eda siguiente, viernes 13, ser\u00e1 el turno de las personas cuyos n\u00fameros finalicen en 2 y 3.<\/p>\n<div id=\"standard_3\" class=\"st-placement standard_3 inArticle\">\n<div class=\"st-adunit-inarticle st-inarticle-slot\">\n<div class=\"st-adunit st-adunit-tagged st-reset st-show\">\n<div class=\"st-adunit-ad st-reset\">\n<div class=\"st-display-render st-reset open 970x250\">\n<div class=\"st-canvas st-reset horizontal-static\">\n<div class=\"x-to-close st-reset\">El calendario continuar\u00e1 el lunes 16 con los documentos terminados en 4 y 5. Desde la administraci\u00f3n provincial indicaron adem\u00e1s que esos montos estar\u00e1n disponibles en cajeros autom\u00e1ticos desde el s\u00e1bado 14.<\/div>\n<div><\/div>\n<p>Posteriormente, el martes 17 cobrar\u00e1n los agentes y retirados con DNI finalizados en 6 y 7. En tanto, la \u00faltima jornada prevista ser\u00e1 el mi\u00e9rcoles 18, destinada a quienes tengan terminaciones 8 y 9.<\/p><\/div>\n<\/div>\n<\/div>\n<\/div>\n<\/div>\n<\/div>\n<div><\/div>\n<div><\/div>\n<div><img decoding=\"async\" src=\"https:\/\/www.lt7noticias.com\/content\/bucket\/3\/83063w850h850c.jpg.webp\" \/><\/div>\n<div><\/div>\n","protected":false},"excerpt":{"rendered":"<p>El beneficio adicional alcanzar\u00e1 personal activo provincial y sector jubilado. Los dep\u00f3sitos se organizar\u00e1n seg\u00fan finalizaci\u00f3n del DNI. El Gobierno provincial inform\u00f3 el esquema de acreditaci\u00f3n correspondiente al adicional extraordinario destinado a trabajadores de la administraci\u00f3n p\u00fablica y jubilados. La liquidaci\u00f3n se realizar\u00e1 de manera escalonada durante la segunda mitad del mes, siguiendo el n\u00famero [&hellip;]<\/p>\n","protected":false},"author":2,"featured_media":7849,"comment_status":"open","ping_status":"open","sticky":false,"template":"","format":"standard","meta":{"footnotes":""},"categories":[72],"tags":[],"class_list":{"0":"post-7848","1":"post","2":"type-post","3":"status-publish","4":"format-standard","5":"has-post-thumbnail","7":"category-provinciales"},"_links":{"self":[{"href":"https:\/\/elpueblonoticia.com.ar\/web\/wp-json\/wp\/v2\/posts\/7848","targetHints":{"allow":["GET"]}}],"collection":[{"href":"https:\/\/elpueblonoticia.com.ar\/web\/wp-json\/wp\/v2\/posts"}],"about":[{"href":"https:\/\/elpueblonoticia.com.ar\/web\/wp-json\/wp\/v2\/types\/post"}],"author":[{"embeddable":true,"href":"https:\/\/elpueblonoticia.com.ar\/web\/wp-json\/wp\/v2\/users\/2"}],"replies":[{"embeddable":true,"href":"https:\/\/elpueblonoticia.com.ar\/web\/wp-json\/wp\/v2\/comments?post=7848"}],"version-history":[{"count":1,"href":"https:\/\/elpueblonoticia.com.ar\/web\/wp-json\/wp\/v2\/posts\/7848\/revisions"}],"predecessor-version":[{"id":7850,"href":"https:\/\/elpueblonoticia.com.ar\/web\/wp-json\/wp\/v2\/posts\/7848\/revisions\/7850"}],"wp:featuredmedia":[{"embeddable":true,"href":"https:\/\/elpueblonoticia.com.ar\/web\/wp-json\/wp\/v2\/media\/7849"}],"wp:attachment":[{"href":"https:\/\/elpueblonoticia.com.ar\/web\/wp-json\/wp\/v2\/media?parent=7848"}],"wp:term":[{"taxonomy":"category","embeddable":true,"href":"https:\/\/elpueblonoticia.com.ar\/web\/wp-json\/wp\/v2\/categories?post=7848"},{"taxonomy":"post_tag","embeddable":true,"href":"https:\/\/elpueblonoticia.com.ar\/web\/wp-json\/wp\/v2\/tags?post=7848"}],"curies":[{"name":"wp","href":"https:\/\/api.w.org\/{rel}","templated":true}]}}