{"id":7845,"date":"2026-03-11T12:36:39","date_gmt":"2026-03-11T15:36:39","guid":{"rendered":"https:\/\/elpueblonoticia.com.ar\/web\/?p=7845"},"modified":"2026-03-11T12:36:39","modified_gmt":"2026-03-11T15:36:39","slug":"intendente-mariano-hormaechea-destaca-el-compromiso-del-estado-municipal-con-la-inclusion","status":"publish","type":"post","link":"https:\/\/elpueblonoticia.com.ar\/web\/2026\/03\/11\/intendente-mariano-hormaechea-destaca-el-compromiso-del-estado-municipal-con-la-inclusion\/","title":{"rendered":"Intendente Mariano Hormaechea destaca el compromiso del estado municipal con la inclusi\u00f3n"},"content":{"rendered":"<p>El intendente Mariano Hormaechea expres\u00f3 su firme compromiso con la inclusi\u00f3n de las personas con autismo y otras discapacidades, resaltando los esfuerzos que realiza el Estado municipal para avanzar en esta tem\u00e1tica.<\/p>\n<p>En sus declaraciones vertidas durante la presentaci\u00f3n de una pr\u00f3xima capacitaci\u00f3n que ofrecer\u00e1 un especialista espa\u00f1ol, el jefe comunal subray\u00f3 que, aunque a\u00fan queda mucho por hacer, el trabajo conjunto y las acciones concretas son fundamentales para lograr una verdadera inclusi\u00f3n social.<\/p>\n<p><strong>UN ITINERARIO PARA RECORRER Y APRENDER<\/strong><\/p>\n<p>\u201cFalta mucho por hacer y mucho por aprender. Esto conlleva a que el ciudadano, en l\u00edneas generales, pueda tener la informaci\u00f3n necesaria para que haya una verdadera inclusi\u00f3n\u201d, expres\u00f3 Mariano Hormaechea. Adem\u00e1s, resalt\u00f3 que cada ciudadano tiene la responsabilidad de acompa\u00f1ar estos procesos y de estar en sinton\u00eda con las acciones del Estado\u201d.<\/p>\n<p>El intendente municipal valor\u00f3 las iniciativas y eventos que desde el municipio buscan sensibilizar y promover la inclusi\u00f3n en la comunidad. \u201cLo hacemos desde el estado municipal, con acciones concretas, con este tipo de eventos o actividades importantes en la ciudad, desde la Coordinaci\u00f3n trabajando con diferentes instituciones, intentando recorrer este camino de la verdadera inclusi\u00f3n\u201d.<\/p>\n<p><strong>EJES DE LA GESTI\u00d3N MUNICIPAL<\/strong><\/p>\n<p>Mariano Hormaechea afirm\u00f3 que la continuidad en estos esfuerzos es una prioridad y que el trabajo en equipo con diferentes actores sociales y organizaciones es clave para avanzar en la inclusi\u00f3n de las personas con autismo y otras discapacidades. \u201cVamos a seguir trabajando en esa l\u00ednea, porque es lo que planteamos como eje de gesti\u00f3n, que lo venimos haciendo en estos cuatro a\u00f1os\u201d, afirm\u00f3.<\/p>\n<p><strong>CONSTRUIR JUNTOS UNA SOCIEDAD M\u00c1S INCLUSIVA<\/strong><\/p>\n<p>Para concluir, el intendente de Goya remarc\u00f3 que la participaci\u00f3n activa de la comunidad y la colaboraci\u00f3n entre todos los sectores son esenciales para construir una ciudad m\u00e1s inclusiva y equitativa. \u201cEl compromiso de todos es fundamental para que podamos seguir avanzando en una ciudad donde la inclusi\u00f3n sea una realidad para todos\u201d.<\/p>\n","protected":false},"excerpt":{"rendered":"<p>El intendente Mariano Hormaechea expres\u00f3 su firme compromiso con la inclusi\u00f3n de las personas con autismo y otras discapacidades, resaltando los esfuerzos que realiza el Estado municipal para avanzar en esta tem\u00e1tica. En sus declaraciones vertidas durante la presentaci\u00f3n de una pr\u00f3xima capacitaci\u00f3n que ofrecer\u00e1 un especialista espa\u00f1ol, el jefe comunal subray\u00f3 que, aunque a\u00fan [&hellip;]<\/p>\n","protected":false},"author":2,"featured_media":7846,"comment_status":"open","ping_status":"open","sticky":false,"template":"","format":"standard","meta":{"footnotes":""},"categories":[56],"tags":[],"class_list":{"0":"post-7845","1":"post","2":"type-post","3":"status-publish","4":"format-standard","5":"has-post-thumbnail","7":"category-locales"},"_links":{"self":[{"href":"https:\/\/elpueblonoticia.com.ar\/web\/wp-json\/wp\/v2\/posts\/7845","targetHints":{"allow":["GET"]}}],"collection":[{"href":"https:\/\/elpueblonoticia.com.ar\/web\/wp-json\/wp\/v2\/posts"}],"about":[{"href":"https:\/\/elpueblonoticia.com.ar\/web\/wp-json\/wp\/v2\/types\/post"}],"author":[{"embeddable":true,"href":"https:\/\/elpueblonoticia.com.ar\/web\/wp-json\/wp\/v2\/users\/2"}],"replies":[{"embeddable":true,"href":"https:\/\/elpueblonoticia.com.ar\/web\/wp-json\/wp\/v2\/comments?post=7845"}],"version-history":[{"count":1,"href":"https:\/\/elpueblonoticia.com.ar\/web\/wp-json\/wp\/v2\/posts\/7845\/revisions"}],"predecessor-version":[{"id":7847,"href":"https:\/\/elpueblonoticia.com.ar\/web\/wp-json\/wp\/v2\/posts\/7845\/revisions\/7847"}],"wp:featuredmedia":[{"embeddable":true,"href":"https:\/\/elpueblonoticia.com.ar\/web\/wp-json\/wp\/v2\/media\/7846"}],"wp:attachment":[{"href":"https:\/\/elpueblonoticia.com.ar\/web\/wp-json\/wp\/v2\/media?parent=7845"}],"wp:term":[{"taxonomy":"category","embeddable":true,"href":"https:\/\/elpueblonoticia.com.ar\/web\/wp-json\/wp\/v2\/categories?post=7845"},{"taxonomy":"post_tag","embeddable":true,"href":"https:\/\/elpueblonoticia.com.ar\/web\/wp-json\/wp\/v2\/tags?post=7845"}],"curies":[{"name":"wp","href":"https:\/\/api.w.org\/{rel}","templated":true}]}}