{"id":7842,"date":"2026-03-11T12:26:03","date_gmt":"2026-03-11T15:26:03","guid":{"rendered":"https:\/\/elpueblonoticia.com.ar\/web\/?p=7842"},"modified":"2026-03-11T12:26:03","modified_gmt":"2026-03-11T15:26:03","slug":"naftas-en-corrientes-el-detalle-de-los-precios-actuales-en-ypf-shell-axion-y-puma","status":"publish","type":"post","link":"https:\/\/elpueblonoticia.com.ar\/web\/2026\/03\/11\/naftas-en-corrientes-el-detalle-de-los-precios-actuales-en-ypf-shell-axion-y-puma\/","title":{"rendered":"Naftas en Corrientes: El detalle de los precios actuales en YPF, Shell, Axion y Puma"},"content":{"rendered":"<div class=\"article__headline\">Representantes del sector aseguraron que, aunque el escenario internacional es incierto, no se prev\u00e9n incrementos dr\u00e1sticos en los surtidores locales.<\/div>\n<p>&nbsp;<\/p>\n<p>En medio de la escalada b\u00e9lica en\u00a0Medio Oriente, regi\u00f3n que abastece a m\u00e1s del 20% del crudo mundial, el mercado de combustibles en Corrientes mantiene una estabilidad relativa. Si bien los especialistas advierten que la situaci\u00f3n global es altamente vol\u00e1til, desde las c\u00e1maras empresariales llevaron tranquilidad al consumidor local, descartando aumentos desmedidos en el corto plazo.<\/p>\n<p>N\u00e9stor Acevedo, gerente del\u00a0Grupo GLG, operador de estaciones\u00a0Shell y Axion, explic\u00f3 que la incertidumbre internacional genera presiones en el costo del petr\u00f3leo, pero que el impacto en los surtidores argentinos ser\u00e1, hasta el momento, moderado.<\/p>\n<p>&#8220;La noticia positiva es que los valores no se modificar\u00edan de forma dr\u00e1stica&#8221;, asegur\u00f3 a radio Continental Corrientes. Incluso, se\u00f1al\u00f3 que en algunos productos como la nafta s\u00faper se han detectado bajas puntuales.<\/p>\n<h2><strong>Precios de referencia en las estaciones correntinas<\/strong><\/h2>\n<p>El mercado local exhibe una dispersi\u00f3n de valores basada en la bandera, la ubicaci\u00f3n geogr\u00e1fica y la log\u00edstica de flete. A continuaci\u00f3n, un detalle de los costos actuales por litro en los principales puntos de carga de la provincia:<\/p>\n<ul>\n<li><strong>YPF:<\/strong>\u00a0La nafta S\u00faper se ubica en\u00a0<strong>$1.756<\/strong>, la Infinia en\u00a0<strong>$1.899<\/strong>, el Di\u00e9sel 500 en\u00a0<strong>$1.937<\/strong>\u00a0y el Di\u00e9sel Infinia en\u00a0<strong>$2.029<\/strong>.<\/li>\n<li><strong>Shell:<\/strong>\u00a0Comercializa la S\u00faper a\u00a0<strong>$1.809<\/strong>, la V-Power a\u00a0<strong>$2.036<\/strong>, el Evolux Di\u00e9sel a\u00a0<strong>$1.999<\/strong>\u00a0y la V-Power Di\u00e9sel a\u00a0<strong>$2.169<\/strong>.<\/li>\n<li><strong>Axion:<\/strong>\u00a0Registra la nafta S\u00faper a\u00a0<strong>$1.756<\/strong>, la Quantum a\u00a0<strong>$2.049<\/strong>, el Di\u00e9sel a\u00a0<strong>$1.949<\/strong>\u00a0y la Quantum Di\u00e9sel a\u00a0<strong>$2.149<\/strong>.<\/li>\n<li><strong>Puma:<\/strong>\u00a0La S\u00faper se ofrece a\u00a0<strong>$1.753<\/strong>, la Premium a\u00a0<strong>$2.088<\/strong>, el Puma Di\u00e9sel a\u00a0<strong>$2.026<\/strong>\u00a0y el Ion Di\u00e9sel a\u00a0<strong>$2.202<\/strong>. Cabe destacar que para sectores espec\u00edficos como motos, remises y conductores de aplicaciones, el litro de S\u00faper cuenta con un valor diferencial de\u00a0<strong>$1.710<\/strong>.<\/li>\n<\/ul>\n<h2><strong>Incertidumbre y abastecimiento<\/strong><\/h2>\n<p>Pese a los desaf\u00edos log\u00edsticos que impone la condici\u00f3n de zona de frontera, desde el sector aseguraron que el abastecimiento est\u00e1 garantizado en toda la regi\u00f3n.<\/p>\n<p>El empresario destac\u00f3 que, si bien la tendencia del mercado global apunta a cambios frecuentes, los ajustes en el pa\u00eds ser\u00e1n de car\u00e1cter t\u00e9cnico y no responder\u00e1n a una escalada de precios descontrolada.<\/p>\n<p>La atenci\u00f3n del sector se mantiene centrada en la evoluci\u00f3n del conflicto en Medio Oriente, ya que cualquier alteraci\u00f3n mayor en la producci\u00f3n o transporte de petr\u00f3leo crudo podr\u00eda repercutir en el mercado local en las pr\u00f3ximas semanas.<\/p>\n","protected":false},"excerpt":{"rendered":"<p>Representantes del sector aseguraron que, aunque el escenario internacional es incierto, no se prev\u00e9n incrementos dr\u00e1sticos en los surtidores locales. &nbsp; En medio de la escalada b\u00e9lica en\u00a0Medio Oriente, regi\u00f3n que abastece a m\u00e1s del 20% del crudo mundial, el mercado de combustibles en Corrientes mantiene una estabilidad relativa. Si bien los especialistas advierten que [&hellip;]<\/p>\n","protected":false},"author":2,"featured_media":7843,"comment_status":"open","ping_status":"open","sticky":false,"template":"","format":"standard","meta":{"footnotes":""},"categories":[65],"tags":[],"class_list":{"0":"post-7842","1":"post","2":"type-post","3":"status-publish","4":"format-standard","5":"has-post-thumbnail","7":"category-economia"},"_links":{"self":[{"href":"https:\/\/elpueblonoticia.com.ar\/web\/wp-json\/wp\/v2\/posts\/7842","targetHints":{"allow":["GET"]}}],"collection":[{"href":"https:\/\/elpueblonoticia.com.ar\/web\/wp-json\/wp\/v2\/posts"}],"about":[{"href":"https:\/\/elpueblonoticia.com.ar\/web\/wp-json\/wp\/v2\/types\/post"}],"author":[{"embeddable":true,"href":"https:\/\/elpueblonoticia.com.ar\/web\/wp-json\/wp\/v2\/users\/2"}],"replies":[{"embeddable":true,"href":"https:\/\/elpueblonoticia.com.ar\/web\/wp-json\/wp\/v2\/comments?post=7842"}],"version-history":[{"count":1,"href":"https:\/\/elpueblonoticia.com.ar\/web\/wp-json\/wp\/v2\/posts\/7842\/revisions"}],"predecessor-version":[{"id":7844,"href":"https:\/\/elpueblonoticia.com.ar\/web\/wp-json\/wp\/v2\/posts\/7842\/revisions\/7844"}],"wp:featuredmedia":[{"embeddable":true,"href":"https:\/\/elpueblonoticia.com.ar\/web\/wp-json\/wp\/v2\/media\/7843"}],"wp:attachment":[{"href":"https:\/\/elpueblonoticia.com.ar\/web\/wp-json\/wp\/v2\/media?parent=7842"}],"wp:term":[{"taxonomy":"category","embeddable":true,"href":"https:\/\/elpueblonoticia.com.ar\/web\/wp-json\/wp\/v2\/categories?post=7842"},{"taxonomy":"post_tag","embeddable":true,"href":"https:\/\/elpueblonoticia.com.ar\/web\/wp-json\/wp\/v2\/tags?post=7842"}],"curies":[{"name":"wp","href":"https:\/\/api.w.org\/{rel}","templated":true}]}}