{"id":7839,"date":"2026-03-11T12:22:45","date_gmt":"2026-03-11T15:22:45","guid":{"rendered":"https:\/\/elpueblonoticia.com.ar\/web\/?p=7839"},"modified":"2026-03-11T12:22:45","modified_gmt":"2026-03-11T15:22:45","slug":"villa-orestina-plantacion-de-especies-ornamentales-y-tareas-de-mantenimiento-en-el-acceso-al-barrio","status":"publish","type":"post","link":"https:\/\/elpueblonoticia.com.ar\/web\/2026\/03\/11\/villa-orestina-plantacion-de-especies-ornamentales-y-tareas-de-mantenimiento-en-el-acceso-al-barrio\/","title":{"rendered":"Villa Orestina: Plantaci\u00f3n de especies ornamentales y tareas de mantenimiento en el acceso al barrio"},"content":{"rendered":"<p>La Municipalidad de Goya contin\u00faa desarrollando acciones orientadas al cuidado del ambiente y el mejoramiento de los espacios p\u00fablicos en los distintos sectores de la ciudad. En este marco, personal de la Direcci\u00f3n de Recursos Naturales y Medio Ambiente, dependiente de la Secretar\u00eda de Producci\u00f3n, lleva adelante trabajos de parquizaci\u00f3n y mantenimiento en el barrio Villa Orestina.<\/p>\n<p>Las tareas se realizaron en el acceso al mencionado barrio, donde los operarios municipales avanzaron con la plantaci\u00f3n de diversas especies ornamentales con el objetivo de embellecer el sector y aportar a la generaci\u00f3n de espacios verdes m\u00e1s agradables para los vecinos.<\/p>\n<p>Durante la jornada se colocaron 4 cintas, 5 lantanas, 4 malvones, 4 salvia y 2 plantas de lengua de suegra, especies que contribuir\u00e1n a mejorar la est\u00e9tica del lugar y fortalecer la presencia de vegetaci\u00f3n en uno de los ingresos al barrio.<\/p>\n<p>Adem\u00e1s de la plantaci\u00f3n, el personal municipal llev\u00f3 adelante trabajos de corte de pasto, completando as\u00ed una intervenci\u00f3n integral destinada a mantener en buenas condiciones el entorno y favorecer la limpieza y el orden del sector.<\/p>\n","protected":false},"excerpt":{"rendered":"<p>La Municipalidad de Goya contin\u00faa desarrollando acciones orientadas al cuidado del ambiente y el mejoramiento de los espacios p\u00fablicos en los distintos sectores de la ciudad. En este marco, personal de la Direcci\u00f3n de Recursos Naturales y Medio Ambiente, dependiente de la Secretar\u00eda de Producci\u00f3n, lleva adelante trabajos de parquizaci\u00f3n y mantenimiento en el barrio [&hellip;]<\/p>\n","protected":false},"author":2,"featured_media":7840,"comment_status":"open","ping_status":"open","sticky":false,"template":"","format":"standard","meta":{"footnotes":""},"categories":[56],"tags":[],"class_list":{"0":"post-7839","1":"post","2":"type-post","3":"status-publish","4":"format-standard","5":"has-post-thumbnail","7":"category-locales"},"_links":{"self":[{"href":"https:\/\/elpueblonoticia.com.ar\/web\/wp-json\/wp\/v2\/posts\/7839","targetHints":{"allow":["GET"]}}],"collection":[{"href":"https:\/\/elpueblonoticia.com.ar\/web\/wp-json\/wp\/v2\/posts"}],"about":[{"href":"https:\/\/elpueblonoticia.com.ar\/web\/wp-json\/wp\/v2\/types\/post"}],"author":[{"embeddable":true,"href":"https:\/\/elpueblonoticia.com.ar\/web\/wp-json\/wp\/v2\/users\/2"}],"replies":[{"embeddable":true,"href":"https:\/\/elpueblonoticia.com.ar\/web\/wp-json\/wp\/v2\/comments?post=7839"}],"version-history":[{"count":1,"href":"https:\/\/elpueblonoticia.com.ar\/web\/wp-json\/wp\/v2\/posts\/7839\/revisions"}],"predecessor-version":[{"id":7841,"href":"https:\/\/elpueblonoticia.com.ar\/web\/wp-json\/wp\/v2\/posts\/7839\/revisions\/7841"}],"wp:featuredmedia":[{"embeddable":true,"href":"https:\/\/elpueblonoticia.com.ar\/web\/wp-json\/wp\/v2\/media\/7840"}],"wp:attachment":[{"href":"https:\/\/elpueblonoticia.com.ar\/web\/wp-json\/wp\/v2\/media?parent=7839"}],"wp:term":[{"taxonomy":"category","embeddable":true,"href":"https:\/\/elpueblonoticia.com.ar\/web\/wp-json\/wp\/v2\/categories?post=7839"},{"taxonomy":"post_tag","embeddable":true,"href":"https:\/\/elpueblonoticia.com.ar\/web\/wp-json\/wp\/v2\/tags?post=7839"}],"curies":[{"name":"wp","href":"https:\/\/api.w.org\/{rel}","templated":true}]}}