{"id":7833,"date":"2026-03-11T12:18:05","date_gmt":"2026-03-11T15:18:05","guid":{"rendered":"https:\/\/elpueblonoticia.com.ar\/web\/?p=7833"},"modified":"2026-03-11T12:18:05","modified_gmt":"2026-03-11T15:18:05","slug":"la-pastoral-de-juventud-del-nea-se-reunio-en-la-diocesis-de-goya","status":"publish","type":"post","link":"https:\/\/elpueblonoticia.com.ar\/web\/2026\/03\/11\/la-pastoral-de-juventud-del-nea-se-reunio-en-la-diocesis-de-goya\/","title":{"rendered":"La pastoral de juventud del NEA se reuni\u00f3 en la di\u00f3cesis de Goya"},"content":{"rendered":"<p>Los d\u00edas 7 y 8 de marzo se realiz\u00f3 la primera reuni\u00f3n regional de la Pastoral de Juventud del Nordeste Argentino (NEA) en la casa de retiros San Liborio, con la participaci\u00f3n de sacerdotes, di\u00e1conos y animadores de los equipos diocesanos de juventud.<\/p>\n<p>El obispo de Goya, Adolfo Ram\u00f3n Canecin, anfitri\u00f3n del encuentro, presidi\u00f3 la celebraci\u00f3n de la Eucarist\u00eda, concelebrada por los sacerdotes que acompa\u00f1an la pastoral juvenil en las distintas di\u00f3cesis.<\/p>\n<p>Del encuentro participaron representantes de las di\u00f3cesis de Ober\u00e1, Posadas, Reconquista, San Roque, Resistencia, Corrientes, Santo Tom\u00e9, Formosa y Goya, adem\u00e1s de un referente de j\u00f3venes de C\u00e1ritas.<\/p>\n<p>Durante las dos jornadas se compartieron espacios de escucha, formaci\u00f3n y oraci\u00f3n, en los que tambi\u00e9n se present\u00f3 la realidad pastoral de cada di\u00f3cesis.<\/p>\n<p>Uno de los principales temas abordados fue \u00a0la organizaci\u00f3n de la pr\u00f3xima peregrinaci\u00f3n juvenil del NEA a pie hacia la Bas\u00edlica de Nuestra Se\u00f1ora de Itat\u00ed.<\/p>\n<p>El obispo de Goya, Adolfo Ram\u00f3n Canecin, anfitri\u00f3n del encuentro, presidi\u00f3 la celebraci\u00f3n de la Eucarist\u00eda, celebrada por los sacerdotes que acompa\u00f1an la pastoral juvenil en las distintas di\u00f3cesis.<\/p>\n<p>En su homil\u00eda, el prelado puso \u00e9nfasis en el estilo sinodal de la Iglesia y destac\u00f3 que la peregrinaci\u00f3n juvenil \u201ces una imagen muy hermosa de lo que hoy la Iglesia quiere vivir: caminar juntos\u201d. En ese sentido, record\u00f3 que el S\u00ednodo sobre la Sinodalidad expresa \u201cuna Iglesia donde nadie camina solo, donde todos escuchamos, compartimos y buscamos juntos la voluntad de Dios\u201d.<\/p>\n<p>Monse\u00f1or Canecin los anim\u00f3 a ser protagonistas de la vida eclesial: \u201cQue cada peregrinaci\u00f3n nos recuerde que la Iglesia es un camino que hacemos juntos, y los j\u00f3venes son protagonistas de ese camino.<\/p>\n<p>\u201cCon nuestra Tierna Madre de Itat\u00ed, sigamos caminando con alegr\u00eda y esperanza, llevando a Jes\u00fas a todos\u201d concluyo el obispo.-<\/p>\n","protected":false},"excerpt":{"rendered":"<p>Los d\u00edas 7 y 8 de marzo se realiz\u00f3 la primera reuni\u00f3n regional de la Pastoral de Juventud del Nordeste Argentino (NEA) en la casa de retiros San Liborio, con la participaci\u00f3n de sacerdotes, di\u00e1conos y animadores de los equipos diocesanos de juventud. El obispo de Goya, Adolfo Ram\u00f3n Canecin, anfitri\u00f3n del encuentro, presidi\u00f3 la [&hellip;]<\/p>\n","protected":false},"author":2,"featured_media":7834,"comment_status":"open","ping_status":"open","sticky":false,"template":"","format":"standard","meta":{"footnotes":""},"categories":[56],"tags":[],"class_list":{"0":"post-7833","1":"post","2":"type-post","3":"status-publish","4":"format-standard","5":"has-post-thumbnail","7":"category-locales"},"_links":{"self":[{"href":"https:\/\/elpueblonoticia.com.ar\/web\/wp-json\/wp\/v2\/posts\/7833","targetHints":{"allow":["GET"]}}],"collection":[{"href":"https:\/\/elpueblonoticia.com.ar\/web\/wp-json\/wp\/v2\/posts"}],"about":[{"href":"https:\/\/elpueblonoticia.com.ar\/web\/wp-json\/wp\/v2\/types\/post"}],"author":[{"embeddable":true,"href":"https:\/\/elpueblonoticia.com.ar\/web\/wp-json\/wp\/v2\/users\/2"}],"replies":[{"embeddable":true,"href":"https:\/\/elpueblonoticia.com.ar\/web\/wp-json\/wp\/v2\/comments?post=7833"}],"version-history":[{"count":1,"href":"https:\/\/elpueblonoticia.com.ar\/web\/wp-json\/wp\/v2\/posts\/7833\/revisions"}],"predecessor-version":[{"id":7835,"href":"https:\/\/elpueblonoticia.com.ar\/web\/wp-json\/wp\/v2\/posts\/7833\/revisions\/7835"}],"wp:featuredmedia":[{"embeddable":true,"href":"https:\/\/elpueblonoticia.com.ar\/web\/wp-json\/wp\/v2\/media\/7834"}],"wp:attachment":[{"href":"https:\/\/elpueblonoticia.com.ar\/web\/wp-json\/wp\/v2\/media?parent=7833"}],"wp:term":[{"taxonomy":"category","embeddable":true,"href":"https:\/\/elpueblonoticia.com.ar\/web\/wp-json\/wp\/v2\/categories?post=7833"},{"taxonomy":"post_tag","embeddable":true,"href":"https:\/\/elpueblonoticia.com.ar\/web\/wp-json\/wp\/v2\/tags?post=7833"}],"curies":[{"name":"wp","href":"https:\/\/api.w.org\/{rel}","templated":true}]}}