{"id":7817,"date":"2026-03-10T20:23:25","date_gmt":"2026-03-10T23:23:25","guid":{"rendered":"https:\/\/elpueblonoticia.com.ar\/web\/?p=7817"},"modified":"2026-03-10T20:23:25","modified_gmt":"2026-03-10T23:23:25","slug":"robaron-tres-millones-de-pesos-en-un-comercio-de-goya","status":"publish","type":"post","link":"https:\/\/elpueblonoticia.com.ar\/web\/2026\/03\/10\/robaron-tres-millones-de-pesos-en-un-comercio-de-goya\/","title":{"rendered":"Robaron tres millones de pesos en un comercio de Goya"},"content":{"rendered":"<p>Durante el fin de semana se registr\u00f3 un importante hecho delictivo en la ciudad de Goya. La forrajer\u00eda &#8220;Don Jos\u00e9&#8221;, ubicada sobre avenida Neustadt casi Ruta 12, fue blanco de delincuentes que ingresaron tras violentar elementos de seguridad del local.<\/p>\n<p>El ilicito fue confirmado por los propietarios al periodista Juan Cruz Vel\u00e1squez. Trascendi\u00f3 que los autores del hecho lograron llevarse una suma cercana a los tres millones de pesos en efectivo.<\/p>\n<p>El robo fue advertido posteriormente por los due\u00f1os del lugar, quienes radicaron la denuncia correspondiente en la Comisar\u00eda Quinta de Goya.<\/p>\n<p>Por estas horas, personal policial se encuentra realizando tareas investigativas con el objetivo de identificar a los responsables y esclarecer el il\u00edcito, aunque hasta el momento no se difundieron mayores detalles sobre el hecho.<\/p>\n","protected":false},"excerpt":{"rendered":"<p>Durante el fin de semana se registr\u00f3 un importante hecho delictivo en la ciudad de Goya. La forrajer\u00eda &#8220;Don Jos\u00e9&#8221;, ubicada sobre avenida Neustadt casi Ruta 12, fue blanco de delincuentes que ingresaron tras violentar elementos de seguridad del local. El ilicito fue confirmado por los propietarios al periodista Juan Cruz Vel\u00e1squez. Trascendi\u00f3 que los [&hellip;]<\/p>\n","protected":false},"author":2,"featured_media":7818,"comment_status":"open","ping_status":"open","sticky":false,"template":"","format":"standard","meta":{"footnotes":""},"categories":[68],"tags":[],"class_list":{"0":"post-7817","1":"post","2":"type-post","3":"status-publish","4":"format-standard","5":"has-post-thumbnail","7":"category-policiales-nacionales"},"_links":{"self":[{"href":"https:\/\/elpueblonoticia.com.ar\/web\/wp-json\/wp\/v2\/posts\/7817","targetHints":{"allow":["GET"]}}],"collection":[{"href":"https:\/\/elpueblonoticia.com.ar\/web\/wp-json\/wp\/v2\/posts"}],"about":[{"href":"https:\/\/elpueblonoticia.com.ar\/web\/wp-json\/wp\/v2\/types\/post"}],"author":[{"embeddable":true,"href":"https:\/\/elpueblonoticia.com.ar\/web\/wp-json\/wp\/v2\/users\/2"}],"replies":[{"embeddable":true,"href":"https:\/\/elpueblonoticia.com.ar\/web\/wp-json\/wp\/v2\/comments?post=7817"}],"version-history":[{"count":1,"href":"https:\/\/elpueblonoticia.com.ar\/web\/wp-json\/wp\/v2\/posts\/7817\/revisions"}],"predecessor-version":[{"id":7819,"href":"https:\/\/elpueblonoticia.com.ar\/web\/wp-json\/wp\/v2\/posts\/7817\/revisions\/7819"}],"wp:featuredmedia":[{"embeddable":true,"href":"https:\/\/elpueblonoticia.com.ar\/web\/wp-json\/wp\/v2\/media\/7818"}],"wp:attachment":[{"href":"https:\/\/elpueblonoticia.com.ar\/web\/wp-json\/wp\/v2\/media?parent=7817"}],"wp:term":[{"taxonomy":"category","embeddable":true,"href":"https:\/\/elpueblonoticia.com.ar\/web\/wp-json\/wp\/v2\/categories?post=7817"},{"taxonomy":"post_tag","embeddable":true,"href":"https:\/\/elpueblonoticia.com.ar\/web\/wp-json\/wp\/v2\/tags?post=7817"}],"curies":[{"name":"wp","href":"https:\/\/api.w.org\/{rel}","templated":true}]}}