{"id":7810,"date":"2026-03-10T15:30:56","date_gmt":"2026-03-10T18:30:56","guid":{"rendered":"https:\/\/elpueblonoticia.com.ar\/web\/?p=7810"},"modified":"2026-03-10T15:30:56","modified_gmt":"2026-03-10T18:30:56","slug":"ayuda-escolar-anual-de-anses-quienes-no-la-cobraran-en-marzo-2026","status":"publish","type":"post","link":"https:\/\/elpueblonoticia.com.ar\/web\/2026\/03\/10\/ayuda-escolar-anual-de-anses-quienes-no-la-cobraran-en-marzo-2026\/","title":{"rendered":"Ayuda escolar anual de Anses: Qui\u00e9nes no la cobrar\u00e1n en marzo 2026"},"content":{"rendered":"<div>\n<div class=\"article-body__subheadline\">El beneficio se abona una sola vez al a\u00f1o y para acceder es necesario cumplir con una serie de requisitos establecidos. Todos los detalles.<\/div>\n<p>&nbsp;<\/p>\n<p class=\"article-body__paragraph\">La\u00a0Administraci\u00f3n Nacional de la Seguridad Social (ANSES)\u00a0entrega cada a\u00f1o laAyuda Escolar Anual,\u00a0un beneficio econ\u00f3mico destinado a acompa\u00f1ar a\u00a0ni\u00f1os y adolescentes\u00a0en el inicio del ciclo lectivo.\u00a0Este pago se realiza una sola vez al a\u00f1o\u00a0y est\u00e1 dirigido a los titulares del\u00a0Sistema \u00danico de Asignaciones Familiares (SUAF).<\/p>\n<p class=\"article-body__paragraph\">Sin embargo, no todos los beneficiarios reciben este bono, ya que es necesario cumplir con\u00a0determinados requisitos establecidos por el organismo.<\/p>\n<div class=\"ads-block ads-block--inline\">\n<div class=\"ads-block__unit-wrapper Inline\">\n<div id=\"Inline\"><\/div>\n<\/div>\n<\/div>\n<p class=\"article-body__paragraph\">Una de las dudas m\u00e1s frecuentes entre las familias es qui\u00e9nes pueden cobrar la ayuda, cu\u00e1nto se paga y cu\u00e1ndo se acredita. Para acceder al beneficio es necesario percibir prestaciones como la\u00a0Asignaci\u00f3n Universal por Hijo (AUH) o la Asignaci\u00f3n Familiar por Hijo, entre otras.<\/p>\n<h2 class=\"article-body__heading-h2\"><strong>Qui\u00e9nes no cobran la Ayuda Escolar Anual de ANSES<\/strong><\/h2>\n<p class=\"article-body__paragraph\">Seg\u00fan el listado de beneficiarios de 2026, los titulares de\u00a0Pensiones No Contributivas (PNC) para madres de siete hijos\u00a0no est\u00e1n incluidos en este pago.<\/p>\n<p class=\"article-body__paragraph\">Adem\u00e1s, uno de los requisitos fundamentales es\u00a0presentar el certificado de alumno regular. En caso de no hacerlo,\u00a0el beneficiario no recibir\u00e1 el dinero.<\/p>\n<h2 class=\"article-body__heading-h2\"><strong>Qui\u00e9nes pueden cobrar la Ayuda Escolar<\/strong><\/h2>\n<p class=\"article-body__paragraph\">Para acceder al beneficio, es necesario cumplir con las siguientes condiciones:<\/p>\n<ul class=\"article-body__list-ul\">\n<li class=\"article-body__list-item\"><span class=\"article-body__list-span\">Percibir la Asignaci\u00f3n Familiar por Hijo o por Hijo con Discapacidad.<\/span><\/li>\n<li class=\"article-body__list-item\"><span class=\"article-body__list-span\">Tener hijos desde los 45 d\u00edas de vida hasta los 18 a\u00f1os.<\/span><\/li>\n<li class=\"article-body__list-item\"><span class=\"article-body__list-span\">Acreditar la asistencia a un establecimiento educativo oficial de nivel inicial, primario o secundario.<\/span><\/li>\n<\/ul>\n<h2 class=\"article-body__heading-h2\"><strong>Cu\u00e1ndo se cobra la Ayuda Escolar 2026<\/strong><\/h2>\n<p class=\"article-body__paragraph\">El cobro comenz\u00f3 el 9 de marzo junto con el calendario habitual de ANSES, y contin\u00faa en abril para quienes presentan la documentaci\u00f3n m\u00e1s tarde.<\/p>\n<p class=\"article-body__paragraph\"><strong>Calendario por DNI (marzo 2026):<\/strong><\/p>\n<ul class=\"article-body__list-ul\">\n<li class=\"article-body__list-item\"><span class=\"article-body__list-span\">0 y 1: 13 de marzo.<\/span><\/li>\n<li class=\"article-body__list-item\"><span class=\"article-body__list-span\">2 y 3: 16 de marzo.<\/span><\/li>\n<li class=\"article-body__list-item\"><span class=\"article-body__list-span\">4 y 5: 17 de marzo.<\/span><\/li>\n<li class=\"article-body__list-item\"><span class=\"article-body__list-span\">6 y 7: 18 de marzo.<\/span><\/li>\n<li class=\"article-body__list-item\"><span class=\"article-body__list-span\">8 y 9: 19 de marzo.<\/span><\/li>\n<\/ul>\n<p class=\"article-body__paragraph\">Respecto al monto,\u00a0se fij\u00f3 en $85.000 por hijo para la mayor\u00eda de los beneficiarios,\u00a0con valores superiores para zonas desfavorables.<\/p>\n<h2 class=\"article-body__heading-h2\"><strong>Qu\u00e9 incluye la Ayuda Escolar<\/strong><\/h2>\n<p class=\"article-body__paragraph\">El organismo aclar\u00f3 que la ayuda consiste<strong>\u00a0\u00fanicamente en un pago econ\u00f3mico<\/strong>. Es decir, no incluye mochilas, \u00fatiles, cuadernos ni otros materiales escolares.<\/p>\n<p class=\"article-body__paragraph\">Aunque el dinero suele acreditarse en marzo, la documentaci\u00f3n debe presentarse con anticipaci\u00f3n. Para el ciclo lectivo 2026<strong>, <\/strong>la fecha l\u00edmite para cargar el certificado escolar fue el 31 de diciembre de 2025<strong>,<\/strong>\u00a0con el objetivo de ordenar el sistema y confirmar la continuidad educativa de los estudiantes.<\/p>\n<p class=\"article-body__paragraph\">Este beneficio resulta clave para miles de familias argentinas, ya quepermite cubrir parte de los gastos del inicio de clases, como \u00fatiles, indumentaria o materiales espec\u00edficossolicitados por las escuelas.<\/p>\n<h2 class=\"article-body__heading-h2\"><strong>C\u00f3mo tramitar la Ayuda Escolar en 2026<\/strong><\/h2>\n<p class=\"article-body__paragraph\">El tr\u00e1mite se realiza a trav\u00e9s de Mi ANSES y consiste en los siguientes pasos:<\/p>\n<ol class=\"article-body__list-ol\">\n<li class=\"article-body__list-item\"><span class=\"article-body__list-span\">Ingresar a Mi ANSES con CUIL y Clave de la Seguridad Social.<\/span><\/li>\n<li class=\"article-body__list-item\"><span class=\"article-body__list-span\">Seleccionar la opci\u00f3n \u201cHijos\u201d en el men\u00fa principal.<\/span><\/li>\n<li class=\"article-body__list-item\"><span class=\"article-body__list-span\">Elegir \u201cPresentar certificado escolar\u201d para generar el formulario.<\/span><\/li>\n<li class=\"article-body__list-item\"><span class=\"article-body__list-span\">Descargar o imprimir el documento y llevarlo a la escuela para su firma.<\/span><\/li>\n<li class=\"article-body__list-item\"><span class=\"article-body__list-span\">Sacar una foto o escanear el formulario firmado.<\/span><\/li>\n<li class=\"article-body__list-item\"><span class=\"article-body__list-span\">Volver a Mi ANSES y cargar el archivo en la secci\u00f3n \u201cHijos \u2013 Presentar certificado escolar\u201d.<\/span><\/li>\n<\/ol>\n<p class=\"article-body__paragraph\">De esta manera,\u00a0ANSES busca que las familias realicen el tr\u00e1mite con anticipaci\u00f3n\u00a0para garantizar el acceso al beneficio, que contin\u00faa siendo una herramienta importante para afrontar los gastos del inicio del ciclo lectivo.<\/p>\n<\/div>\n<div class=\"s2s_supra_contenedor lang_directon_right s2sdefault  align_left  s2s_balloon_bottom \">\n<div class=\"s2s_contenedor  s2s_no_text  s2s-btn-group\">\n<div class=\"s2s_twitter s2s_btn s2s-btn-xs \"><i class=\"s2sfo fo-twitter\"><\/i><\/p>\n<div class=\"globo s2s_globo_closed s2s_twitter_iframe\">\n<div class=\"s2s_flecha\"><\/div>\n<\/div>\n<\/div>\n<div class=\"s2s_facebook s2s_btn s2s-btn-xs \"><i class=\"s2sfo fo-facebook\"><\/i><\/p>\n<div class=\"globo s2s_globo_closed s2s_facebook_iframe\">\n<div class=\"s2s_flecha\"><\/div>\n<div id=\"fb-root\"><\/div>\n<\/div>\n<\/div>\n<div class=\"s2s_wapp s2s_btn s2s-btn-xs  \"><i class=\"s2sfo fo-whatsapp\"><\/i><\/p>\n<div class=\"globo s2s_globo_closed s2s_wapp_iframe\">\n<div class=\"s2s_flecha\"><\/div>\n<p><i class=\"s2sfo fo-whatsapp\" aria-hidden=\"true\"><\/i><\/div>\n<\/div>\n<\/div>\n<div class=\"s2s_credits_wrapper\"><\/div>\n<\/div>\n","protected":false},"excerpt":{"rendered":"<p>El beneficio se abona una sola vez al a\u00f1o y para acceder es necesario cumplir con una serie de requisitos establecidos. Todos los detalles. &nbsp; La\u00a0Administraci\u00f3n Nacional de la Seguridad Social (ANSES)\u00a0entrega cada a\u00f1o laAyuda Escolar Anual,\u00a0un beneficio econ\u00f3mico destinado a acompa\u00f1ar a\u00a0ni\u00f1os y adolescentes\u00a0en el inicio del ciclo lectivo.\u00a0Este pago se realiza una sola [&hellip;]<\/p>\n","protected":false},"author":2,"featured_media":7811,"comment_status":"open","ping_status":"open","sticky":false,"template":"","format":"standard","meta":{"footnotes":""},"categories":[64],"tags":[],"class_list":{"0":"post-7810","1":"post","2":"type-post","3":"status-publish","4":"format-standard","5":"has-post-thumbnail","7":"category-nacionales"},"_links":{"self":[{"href":"https:\/\/elpueblonoticia.com.ar\/web\/wp-json\/wp\/v2\/posts\/7810","targetHints":{"allow":["GET"]}}],"collection":[{"href":"https:\/\/elpueblonoticia.com.ar\/web\/wp-json\/wp\/v2\/posts"}],"about":[{"href":"https:\/\/elpueblonoticia.com.ar\/web\/wp-json\/wp\/v2\/types\/post"}],"author":[{"embeddable":true,"href":"https:\/\/elpueblonoticia.com.ar\/web\/wp-json\/wp\/v2\/users\/2"}],"replies":[{"embeddable":true,"href":"https:\/\/elpueblonoticia.com.ar\/web\/wp-json\/wp\/v2\/comments?post=7810"}],"version-history":[{"count":1,"href":"https:\/\/elpueblonoticia.com.ar\/web\/wp-json\/wp\/v2\/posts\/7810\/revisions"}],"predecessor-version":[{"id":7812,"href":"https:\/\/elpueblonoticia.com.ar\/web\/wp-json\/wp\/v2\/posts\/7810\/revisions\/7812"}],"wp:featuredmedia":[{"embeddable":true,"href":"https:\/\/elpueblonoticia.com.ar\/web\/wp-json\/wp\/v2\/media\/7811"}],"wp:attachment":[{"href":"https:\/\/elpueblonoticia.com.ar\/web\/wp-json\/wp\/v2\/media?parent=7810"}],"wp:term":[{"taxonomy":"category","embeddable":true,"href":"https:\/\/elpueblonoticia.com.ar\/web\/wp-json\/wp\/v2\/categories?post=7810"},{"taxonomy":"post_tag","embeddable":true,"href":"https:\/\/elpueblonoticia.com.ar\/web\/wp-json\/wp\/v2\/tags?post=7810"}],"curies":[{"name":"wp","href":"https:\/\/api.w.org\/{rel}","templated":true}]}}