{"id":7804,"date":"2026-03-10T15:24:58","date_gmt":"2026-03-10T18:24:58","guid":{"rendered":"https:\/\/elpueblonoticia.com.ar\/web\/?p=7804"},"modified":"2026-03-10T15:24:58","modified_gmt":"2026-03-10T18:24:58","slug":"ni-el-sueldo-ni-el-horario-el-73-de-los-empleados-penso-en-renunciar-por-la-mala-relacion-con-sus-jefes","status":"publish","type":"post","link":"https:\/\/elpueblonoticia.com.ar\/web\/2026\/03\/10\/ni-el-sueldo-ni-el-horario-el-73-de-los-empleados-penso-en-renunciar-por-la-mala-relacion-con-sus-jefes\/","title":{"rendered":"Ni el sueldo ni el horario: El 73% de los empleados pens\u00f3 en renunciar por la mala relaci\u00f3n con sus jefes"},"content":{"rendered":"<p>La falta de reconocimiento, de escucha y de confianza aparece entre los principales problemas que afectan el liderazgo y el clima laboral en las empresas.<\/p>\n<p>La relaci\u00f3n entre empleados y superiores directos se consolid\u00f3 como uno de los factores m\u00e1s determinantes para la permanencia en un puesto de trabajo en Argentina. De acuerdo con la \u00faltima edici\u00f3n del estudio L\u00edderes o Jefes, elaborado por la plataforma de empleo Bumeran, el 73% de los trabajadores del pa\u00eds asegur\u00f3 que en alg\u00fan momento consider\u00f3 dejar su empleo debido a una mala relaci\u00f3n con su jefe.<\/p>\n<p>Si bien el n\u00famero contin\u00faa siendo elevado, representa una leve mejora respecto a 2025, cuando el 77% de los encuestados manifestaba haber tenido la intenci\u00f3n de renunciar por el mismo motivo. El informe se bas\u00f3 en la opini\u00f3n de 3.081 trabajadores y especialistas en Recursos Humanos de la regi\u00f3n y revela que casi la mitad de los empleados argentinos mantiene una visi\u00f3n cr\u00edtica de sus superiores.<\/p>\n<h2 class=\"article-body__heading-h2\"><strong>Casi la mitad de los empleados critican a sus jefes<\/strong><\/h2>\n<p class=\"article-body__paragraph\">En concreto,\u00a0<strong>el<\/strong> 49% tiene una percepci\u00f3n negativa de su jefe: un 26% califica la relaci\u00f3n como regular y un 23% directamente como mala.<\/p>\n<p class=\"article-body__paragraph\">El informe tambi\u00e9n analiza cu\u00e1les son los factores que explican el malestar entre los trabajadores y sus superiores. Entre quienes califican su relaci\u00f3n con el jefe como regular o mala,\u00a0el 50% identifica como principal problema la falta de reconocimiento por el trabajo realizado.<\/p>\n<p class=\"article-body__paragraph\">n segundo lugar aparece la\u00a0falta de escucha ante las necesidades del equipo, mencionada por el 48% de los consultados. A esto se suma\u00a0la falta de confianza de los superiores hacia sus colaboradores, se\u00f1alada por el 47%.<\/p>\n<p class=\"article-body__paragraph\">Estas falencias impactan directamente en la percepci\u00f3n del liderazgo. De hecho,\u00a0el 59% de los talentos argentinos considera que su jefe no act\u00faa como un verdadero l\u00edder.<\/p>\n<p class=\"article-body__paragraph\">En comparaci\u00f3n con otros pa\u00edses de la regi\u00f3n, Argentina presenta uno de los niveles m\u00e1s altos de insatisfacci\u00f3n con los superiores. El pa\u00eds se ubica en el segundo lugar, detr\u00e1s de Chile, donde el 65% de los trabajadores no identifica a sus jefes como l\u00edderes. Luego aparecen Panam\u00e1 (54%), Per\u00fa (53%) y Ecuador (46%).<\/p>\n<h2 class=\"article-body__heading-h2\"><strong>\u00bfQu\u00e9 dicen los especialistas en Recursos Humanos?<\/strong><\/h2>\n<p class=\"article-body__paragraph\">El diagn\u00f3stico tambi\u00e9n es compartido por los profesionales del \u00e1rea. Seg\u00fan el estudio,\u00a0el 44% de los especialistas en Recursos Humanos\u00a0en Argentina considera que\u00a0el liderazgo dentro de sus organizaciones es deficiente. Este dato representa un deterioro significativo respecto a 2025, cuando ese porcentaje era del 31%.<\/p>\n<p class=\"article-body__paragraph\">Aunque el 98% de los expertos coincide en que es fundamental que los puestos jer\u00e1rquicos est\u00e9n ocupados por buenos l\u00edderes, muchas empresas a\u00fan no desarrollan pol\u00edticas para mejorar estas capacidades. De hecho,\u00a0el 66% de los responsables de Recursos Humanos afirma que sus organizaciones no implementan estrategias espec\u00edficas para fortalecer el liderazgo en los niveles directivos.<\/p>\n<p class=\"article-body__paragraph\">Cuando los problemas se vuelven persistentes, las compa\u00f1\u00edas suelen tomar decisiones m\u00e1s contundentes. El 50% de los especialistas se\u00f1al\u00f3 que analiza alternativas como cambios de rol, modificaciones en la estructura organizacional o incluso la desvinculaci\u00f3n laboral. En cambio, un 44% opta por implementar planes de desarrollo o mantener conversaciones con los jefes para se\u00f1alar \u00e1reas de mejora.<\/p>\n<h2 class=\"article-body__heading-h2\"><strong>\u00bfQu\u00e9 esperan los trabajadores de un l\u00edder?<\/strong><\/h2>\n<p class=\"article-body__paragraph\">El estudio tambi\u00e9n indag\u00f3 en las cualidades que los empleados consideran esenciales en un superior.\u00a0La caracter\u00edstica m\u00e1s valorada es la capacidad de escuchar las necesidades del equipo, mencionada por el 64% de los encuestados. Le siguen\u00a0la capacidad de contribuir al crecimiento personal y profesional de los colaboradores (60%) y la habilidad para comunicarse de manera clara (57%).<\/p>\n<p class=\"article-body__paragraph\">A pesar de las cr\u00edticas, muchos trabajadores creen que pueden impulsar un cambio desde dentro de las organizaciones. El 81% considera que posee las cualidades necesarias para convertirse en l\u00edder y el 84% afirma que le gustar\u00eda asumir ese rol.<\/p>\n<p class=\"article-body__paragraph\">Las motivaciones detr\u00e1s de esta aspiraci\u00f3n est\u00e1n vinculadas principalmente a mejorar el clima laboral. El 65% de quienes desean ocupar cargos de liderazgo lo har\u00eda para mejorar las condiciones de trabajo y el ambiente del equipo, mientras que el mismo porcentaje se\u00f1ala que le gustar\u00eda guiar y apoyar el desarrollo profesional de otras personas.<\/p>\n<p class=\"article-body__paragraph\">Para los especialistas en Recursos Humanos, el impacto de un buen l\u00edder se refleja en indicadores concretos.\u00a0El 74% sostiene que se distingue por el clima de trabajo que genera en su equipo, el 70% por el aumento de la satisfacci\u00f3n y el compromiso de los empleados, y el 66% por los resultados operativos que alcanzan sus equipos.<\/p>\n","protected":false},"excerpt":{"rendered":"<p>La falta de reconocimiento, de escucha y de confianza aparece entre los principales problemas que afectan el liderazgo y el clima laboral en las empresas. La relaci\u00f3n entre empleados y superiores directos se consolid\u00f3 como uno de los factores m\u00e1s determinantes para la permanencia en un puesto de trabajo en Argentina. De acuerdo con la [&hellip;]<\/p>\n","protected":false},"author":2,"featured_media":7805,"comment_status":"open","ping_status":"open","sticky":false,"template":"","format":"standard","meta":{"footnotes":""},"categories":[64],"tags":[],"class_list":{"0":"post-7804","1":"post","2":"type-post","3":"status-publish","4":"format-standard","5":"has-post-thumbnail","7":"category-nacionales"},"_links":{"self":[{"href":"https:\/\/elpueblonoticia.com.ar\/web\/wp-json\/wp\/v2\/posts\/7804","targetHints":{"allow":["GET"]}}],"collection":[{"href":"https:\/\/elpueblonoticia.com.ar\/web\/wp-json\/wp\/v2\/posts"}],"about":[{"href":"https:\/\/elpueblonoticia.com.ar\/web\/wp-json\/wp\/v2\/types\/post"}],"author":[{"embeddable":true,"href":"https:\/\/elpueblonoticia.com.ar\/web\/wp-json\/wp\/v2\/users\/2"}],"replies":[{"embeddable":true,"href":"https:\/\/elpueblonoticia.com.ar\/web\/wp-json\/wp\/v2\/comments?post=7804"}],"version-history":[{"count":1,"href":"https:\/\/elpueblonoticia.com.ar\/web\/wp-json\/wp\/v2\/posts\/7804\/revisions"}],"predecessor-version":[{"id":7806,"href":"https:\/\/elpueblonoticia.com.ar\/web\/wp-json\/wp\/v2\/posts\/7804\/revisions\/7806"}],"wp:featuredmedia":[{"embeddable":true,"href":"https:\/\/elpueblonoticia.com.ar\/web\/wp-json\/wp\/v2\/media\/7805"}],"wp:attachment":[{"href":"https:\/\/elpueblonoticia.com.ar\/web\/wp-json\/wp\/v2\/media?parent=7804"}],"wp:term":[{"taxonomy":"category","embeddable":true,"href":"https:\/\/elpueblonoticia.com.ar\/web\/wp-json\/wp\/v2\/categories?post=7804"},{"taxonomy":"post_tag","embeddable":true,"href":"https:\/\/elpueblonoticia.com.ar\/web\/wp-json\/wp\/v2\/tags?post=7804"}],"curies":[{"name":"wp","href":"https:\/\/api.w.org\/{rel}","templated":true}]}}