{"id":7801,"date":"2026-03-10T15:22:19","date_gmt":"2026-03-10T18:22:19","guid":{"rendered":"https:\/\/elpueblonoticia.com.ar\/web\/?p=7801"},"modified":"2026-03-10T15:22:19","modified_gmt":"2026-03-10T18:22:19","slug":"alerta-de-seguridad-corrientes-refuerza-sus-fronteras-ante-el-conflicto-en-medio-oriente","status":"publish","type":"post","link":"https:\/\/elpueblonoticia.com.ar\/web\/2026\/03\/10\/alerta-de-seguridad-corrientes-refuerza-sus-fronteras-ante-el-conflicto-en-medio-oriente\/","title":{"rendered":"Alerta de seguridad: Corrientes refuerza sus fronteras ante el conflicto en Medio Oriente"},"content":{"rendered":"<div class=\"article__header max-width-md\">\n<p>Tras la decisi\u00f3n del Gobierno nacional de elevar a &#8220;Alto&#8221; el nivel de seguridad en todo el pa\u00eds, el ministro Ad\u00e1n Gaya confirm\u00f3 un operativo coordinado entre la Polic\u00eda Provincial y fuerzas federales.<\/p>\n<\/div>\n<div class=\"col-fluid col-fluid--clip\">\n<div class=\"article__media\">En sinton\u00eda con las medidas adoptadas por el Ejecutivo Nacional tras la escalada b\u00e9lica entre Estados Unidos, Israel e Ir\u00e1n, la provincia de Corrientes activ\u00f3 un protocolo de m\u00e1xima vigilancia en sus zonas lim\u00edtrofes.&nbsp;<\/p>\n<p>El ministro de Seguridad local,\u00a0Ad\u00e1n Gaya, ratific\u00f3 que se intensificaron los controles en las fronteras naturales del distrito, considerado uno de los puntos m\u00e1s sensibles de la Argentina.<\/p>\n<p>La medida responde al estatus de seguridad\u00a0\u201cAlto\u201d\u00a0decretado para todo el territorio nacional. Seg\u00fan explic\u00f3 Gaya, existe un trabajo conjunto con el Ministerio de Seguridad de la Naci\u00f3n, encabezado por\u00a0Alejandra Monteoliva, para desplegar acciones de car\u00e1cter complementario entre la Polic\u00eda de Corrientes y las fuerzas federales.<\/p>\n<h2><strong>Vigilancia por aire, tierra y agua<\/strong><\/h2>\n<p>Dada su ubicaci\u00f3n estrat\u00e9gica, Corrientes limita con tres pa\u00edses a trav\u00e9s de los r\u00edos Paran\u00e1 y Uruguay. Ante la posibilidad de riesgos transfronterizos, las fuerzas federales han dispuesto un despliegue tecnol\u00f3gico y humano espec\u00edfico:<\/p>\n<ul>\n<li><strong>Gendarmer\u00eda Nacional:<\/strong>\u00a0Reforz\u00f3 todos los pasos fronterizos con un incremento de agentes y el uso de\u00a0radares a\u00e9reos y terrestres\u00a0ubicados en puntos clave para detectar movimientos irregulares.<\/li>\n<li><strong>Prefectura Naval:<\/strong>\u00a0Intensific\u00f3 el patrullaje en el r\u00edo Paran\u00e1. Esta tarea es cr\u00edtica, ya que el curso de agua alberga infraestructuras vitales como la central hidroel\u00e9ctrica de\u00a0<strong>Yacyret\u00e1<\/strong>\u00a0(compartida con Paraguay) y es una v\u00eda de tr\u00e1nsito internacional.<\/li>\n<li><strong>Inteligencia y Migraciones:<\/strong>\u00a0Se aplica un protocolo especial coordinado por la\u00a0SIDE\u00a0y la Direcci\u00f3n Nacional de Migraciones para resguardar objetivos sensibles en suelo correntino.<\/li>\n<\/ul>\n<h2><strong>Trabajo de &#8220;interfuerzas&#8221;<\/strong><\/h2>\n<p>&#8220;El objetivo es llevar una relaci\u00f3n de interfuerzas complementarias trabajando&#8221;, destac\u00f3 el ministro Gaya a radio Dos. El funcionario remarc\u00f3 que, si bien el conflicto ocurre a miles de kil\u00f3metros, la posici\u00f3n geopol\u00edtica de Corrientes exige una respuesta inmediata en materia de log\u00edstica e investigaci\u00f3n.<\/p>\n<p>La provincia se encuentra ahora bajo un esquema de monitoreo permanente, con especial \u00e9nfasis en el cruce de informaci\u00f3n de inteligencia criminal para prevenir cualquier tipo de incidente vinculado a la coyuntura internacional.<\/p>\n<\/div>\n<\/div>\n","protected":false},"excerpt":{"rendered":"<p>Tras la decisi\u00f3n del Gobierno nacional de elevar a &#8220;Alto&#8221; el nivel de seguridad en todo el pa\u00eds, el ministro Ad\u00e1n Gaya confirm\u00f3 un operativo coordinado entre la Polic\u00eda Provincial y fuerzas federales. En sinton\u00eda con las medidas adoptadas por el Ejecutivo Nacional tras la escalada b\u00e9lica entre Estados Unidos, Israel e Ir\u00e1n, la provincia [&hellip;]<\/p>\n","protected":false},"author":2,"featured_media":7802,"comment_status":"open","ping_status":"open","sticky":false,"template":"","format":"standard","meta":{"footnotes":""},"categories":[72],"tags":[],"class_list":{"0":"post-7801","1":"post","2":"type-post","3":"status-publish","4":"format-standard","5":"has-post-thumbnail","7":"category-provinciales"},"_links":{"self":[{"href":"https:\/\/elpueblonoticia.com.ar\/web\/wp-json\/wp\/v2\/posts\/7801","targetHints":{"allow":["GET"]}}],"collection":[{"href":"https:\/\/elpueblonoticia.com.ar\/web\/wp-json\/wp\/v2\/posts"}],"about":[{"href":"https:\/\/elpueblonoticia.com.ar\/web\/wp-json\/wp\/v2\/types\/post"}],"author":[{"embeddable":true,"href":"https:\/\/elpueblonoticia.com.ar\/web\/wp-json\/wp\/v2\/users\/2"}],"replies":[{"embeddable":true,"href":"https:\/\/elpueblonoticia.com.ar\/web\/wp-json\/wp\/v2\/comments?post=7801"}],"version-history":[{"count":1,"href":"https:\/\/elpueblonoticia.com.ar\/web\/wp-json\/wp\/v2\/posts\/7801\/revisions"}],"predecessor-version":[{"id":7803,"href":"https:\/\/elpueblonoticia.com.ar\/web\/wp-json\/wp\/v2\/posts\/7801\/revisions\/7803"}],"wp:featuredmedia":[{"embeddable":true,"href":"https:\/\/elpueblonoticia.com.ar\/web\/wp-json\/wp\/v2\/media\/7802"}],"wp:attachment":[{"href":"https:\/\/elpueblonoticia.com.ar\/web\/wp-json\/wp\/v2\/media?parent=7801"}],"wp:term":[{"taxonomy":"category","embeddable":true,"href":"https:\/\/elpueblonoticia.com.ar\/web\/wp-json\/wp\/v2\/categories?post=7801"},{"taxonomy":"post_tag","embeddable":true,"href":"https:\/\/elpueblonoticia.com.ar\/web\/wp-json\/wp\/v2\/tags?post=7801"}],"curies":[{"name":"wp","href":"https:\/\/api.w.org\/{rel}","templated":true}]}}