{"id":7797,"date":"2026-03-10T15:18:10","date_gmt":"2026-03-10T18:18:10","guid":{"rendered":"https:\/\/elpueblonoticia.com.ar\/web\/?p=7797"},"modified":"2026-03-10T15:19:56","modified_gmt":"2026-03-10T18:19:56","slug":"que-nos-encarcelen-pero-que-nos-devuelvan-a-loan-el-duro-comunicado-de-los-padres","status":"publish","type":"post","link":"https:\/\/elpueblonoticia.com.ar\/web\/2026\/03\/10\/que-nos-encarcelen-pero-que-nos-devuelvan-a-loan-el-duro-comunicado-de-los-padres\/","title":{"rendered":"&#8220;Que nos encarcelen, pero que nos devuelvan a Loan&#8221;: El duro comunicado de los padres"},"content":{"rendered":"<div class=\"article__headline\">Jos\u00e9 Pe\u00f1a y Mar\u00eda Noguera rompieron el silencio para denunciar una campa\u00f1a de intimidaci\u00f3n y la difusi\u00f3n de im\u00e1genes manipuladas. Apuntan al &#8220;pacto de silencio&#8221; de Laudelina Pe\u00f1a.<\/div>\n<p>&nbsp;<\/p>\n<p>En medio de una investigaci\u00f3n que no logra dar con el paradero de\u00a0Loan Danilo Pe\u00f1a, sus padres, Jos\u00e9 Pe\u00f1a y Mar\u00eda Noguera, emitieron un contundente comunicado para denunciar el acoso f\u00edsico y digital que sufren.<\/p>\n<p>El texto expone el agotamiento de la familia ante lo que denominaron el\u00a0&#8220;marketing del dolor&#8221;\u00a0y la proliferaci\u00f3n de contenidos falsos en redes sociales.<\/p>\n<p>La familia denunci\u00f3 espec\u00edficamente el uso de\u00a0Inteligencia Artificial (IA)\u00a0para generar im\u00e1genes manipuladas que los muestran siendo detenidos por la Justicia en situaciones &#8220;humillantes o degradantes&#8221;.<\/p>\n<p>Seg\u00fan explicaron, estas publicaciones an\u00f3nimas buscan desviar la atenci\u00f3n y hostigar a los hermanos y padres del ni\u00f1o desaparecido el pasado 13 de junio en la localidad de 9 de Julio.<\/p>\n<h2><strong>&#8220;Que nos investiguen todos los d\u00edas&#8221;<\/strong><\/h2>\n<p>En uno de los tramos m\u00e1s desgarradores del documento, los padres de Loan reafirmaron su total disposici\u00f3n ante las autoridades judiciales y policiales.<\/p>\n<p>&#8220;Nos han allanado, investigado, interrogado, secuestrado y analizado nuestros tel\u00e9fonos, y muy bien ha estado que se haga&#8221;, se\u00f1alaron, despejando cualquier duda sobre su colaboraci\u00f3n.<\/p>\n<p>&#8220;Si sirviera nuestra libertad, nuestra pena o nuestro castigo para encontrar a Loan, ya lo hemos ofrecido. No somos nosotros quienes estamos callados ni tenemos miedo de nada o de nadie&#8221;, sentenciaron.<\/p>\n<p>Adem\u00e1s, recalcaron que su \u00fanico temor es la integridad del ni\u00f1o: &#8220;Pensar qu\u00e9 le puede estar pasando, si pasar\u00e1 fr\u00edo, si estar\u00e1 enfermo o si lo estar\u00e1n lastimando&#8221;.<\/p>\n<h2><strong>El pedido para romper el &#8220;pacto de silencio&#8221;<\/strong><\/h2>\n<p>Para Jos\u00e9 y Mar\u00eda, la resoluci\u00f3n del caso depende hoy de quienes tienen informaci\u00f3n directa y se niegan a aportarla. El comunicado apunta directamente contra el entorno cercano que estuvo presente el d\u00eda de la desaparici\u00f3n en el paraje Algarrobal.<\/p>\n<p>&#8220;Hoy, para recuperar de inmediato a Loan, solo nos queda que se\u00a0rompa el pacto de silencio, principalmente de\u00a0Laudelina\u00a0y de quienes saben lo que pas\u00f3 y d\u00f3nde est\u00e1&#8221;, manifestaron con firmeza.<\/p>\n<p>La t\u00eda del menor sigue siendo, para la familia, la pieza clave que mantiene oculta la verdad tras sus pol\u00e9micas y contradictorias declaraciones.<\/p>\n<p>Finalmente, el escrito hace un llamado a la sociedad y a los medios para mantener la\u00a0&#8220;visibilidad para Loan<strong>&#8220;<\/strong>, pero rechazando categ\u00f3ricamente las agresiones gratuitas y las campa\u00f1as de desinformaci\u00f3n que solo profundizan el sufrimiento de una familia que lleva meses esperando respuestas.<\/p>\n","protected":false},"excerpt":{"rendered":"<p>Jos\u00e9 Pe\u00f1a y Mar\u00eda Noguera rompieron el silencio para denunciar una campa\u00f1a de intimidaci\u00f3n y la difusi\u00f3n de im\u00e1genes manipuladas. Apuntan al &#8220;pacto de silencio&#8221; de Laudelina Pe\u00f1a. &nbsp; En medio de una investigaci\u00f3n que no logra dar con el paradero de\u00a0Loan Danilo Pe\u00f1a, sus padres, Jos\u00e9 Pe\u00f1a y Mar\u00eda Noguera, emitieron un contundente comunicado [&hellip;]<\/p>\n","protected":false},"author":2,"featured_media":7800,"comment_status":"open","ping_status":"open","sticky":false,"template":"","format":"standard","meta":{"footnotes":""},"categories":[68],"tags":[],"class_list":{"0":"post-7797","1":"post","2":"type-post","3":"status-publish","4":"format-standard","5":"has-post-thumbnail","7":"category-policiales-nacionales"},"_links":{"self":[{"href":"https:\/\/elpueblonoticia.com.ar\/web\/wp-json\/wp\/v2\/posts\/7797","targetHints":{"allow":["GET"]}}],"collection":[{"href":"https:\/\/elpueblonoticia.com.ar\/web\/wp-json\/wp\/v2\/posts"}],"about":[{"href":"https:\/\/elpueblonoticia.com.ar\/web\/wp-json\/wp\/v2\/types\/post"}],"author":[{"embeddable":true,"href":"https:\/\/elpueblonoticia.com.ar\/web\/wp-json\/wp\/v2\/users\/2"}],"replies":[{"embeddable":true,"href":"https:\/\/elpueblonoticia.com.ar\/web\/wp-json\/wp\/v2\/comments?post=7797"}],"version-history":[{"count":1,"href":"https:\/\/elpueblonoticia.com.ar\/web\/wp-json\/wp\/v2\/posts\/7797\/revisions"}],"predecessor-version":[{"id":7799,"href":"https:\/\/elpueblonoticia.com.ar\/web\/wp-json\/wp\/v2\/posts\/7797\/revisions\/7799"}],"wp:featuredmedia":[{"embeddable":true,"href":"https:\/\/elpueblonoticia.com.ar\/web\/wp-json\/wp\/v2\/media\/7800"}],"wp:attachment":[{"href":"https:\/\/elpueblonoticia.com.ar\/web\/wp-json\/wp\/v2\/media?parent=7797"}],"wp:term":[{"taxonomy":"category","embeddable":true,"href":"https:\/\/elpueblonoticia.com.ar\/web\/wp-json\/wp\/v2\/categories?post=7797"},{"taxonomy":"post_tag","embeddable":true,"href":"https:\/\/elpueblonoticia.com.ar\/web\/wp-json\/wp\/v2\/tags?post=7797"}],"curies":[{"name":"wp","href":"https:\/\/api.w.org\/{rel}","templated":true}]}}