{"id":7788,"date":"2026-03-10T15:11:03","date_gmt":"2026-03-10T18:11:03","guid":{"rendered":"https:\/\/elpueblonoticia.com.ar\/web\/?p=7788"},"modified":"2026-03-10T15:11:03","modified_gmt":"2026-03-10T18:11:03","slug":"las-misioneras-de-schoenstatt-celebraron-el-dia-de-la-mujer","status":"publish","type":"post","link":"https:\/\/elpueblonoticia.com.ar\/web\/2026\/03\/10\/las-misioneras-de-schoenstatt-celebraron-el-dia-de-la-mujer\/","title":{"rendered":"Las misioneras de Schoenstatt celebraron el d\u00eda de la mujer"},"content":{"rendered":"<p>Las misioneras de la Virgen de Schoenstatt de la ciudad de Goya se reunieron en la ermita para rezar el Santo Rosario a la Mater, en un momento de oraci\u00f3n y gratitud confiando sus intenciones a la Madre tres veces admirable.<\/p>\n<p>Tras el rezo del santo rosario, compartieron un sencillo agasajo con motivo del D\u00eda Internacional de la Mujer, junto a su coordinadora, la profesora In\u00e9s Mart\u00edn de Petiti.<\/p>\n<p>Durante el encuentro destacaron la misi\u00f3n que cada una realiza llevando la imagen de la Virgen a los hogares, acercando la fe y promoviendo la oraci\u00f3n en las familias.<\/p>\n<p>En un clima fraterno, las misioneras tambi\u00e9n reflexionaron sobre el estilo sinodal de la Iglesia, caminando juntas en la misi\u00f3n, escuch\u00e1ndose y acompa\u00f1\u00e1ndose mutuamente, siguiendo el ejemplo de Mar\u00eda como madre y gu\u00eda en el servicio evangelizador.-<\/p>\n","protected":false},"excerpt":{"rendered":"<p>Las misioneras de la Virgen de Schoenstatt de la ciudad de Goya se reunieron en la ermita para rezar el Santo Rosario a la Mater, en un momento de oraci\u00f3n y gratitud confiando sus intenciones a la Madre tres veces admirable. Tras el rezo del santo rosario, compartieron un sencillo agasajo con motivo del D\u00eda [&hellip;]<\/p>\n","protected":false},"author":2,"featured_media":7789,"comment_status":"open","ping_status":"open","sticky":false,"template":"","format":"standard","meta":{"footnotes":""},"categories":[56],"tags":[],"class_list":{"0":"post-7788","1":"post","2":"type-post","3":"status-publish","4":"format-standard","5":"has-post-thumbnail","7":"category-locales"},"_links":{"self":[{"href":"https:\/\/elpueblonoticia.com.ar\/web\/wp-json\/wp\/v2\/posts\/7788","targetHints":{"allow":["GET"]}}],"collection":[{"href":"https:\/\/elpueblonoticia.com.ar\/web\/wp-json\/wp\/v2\/posts"}],"about":[{"href":"https:\/\/elpueblonoticia.com.ar\/web\/wp-json\/wp\/v2\/types\/post"}],"author":[{"embeddable":true,"href":"https:\/\/elpueblonoticia.com.ar\/web\/wp-json\/wp\/v2\/users\/2"}],"replies":[{"embeddable":true,"href":"https:\/\/elpueblonoticia.com.ar\/web\/wp-json\/wp\/v2\/comments?post=7788"}],"version-history":[{"count":1,"href":"https:\/\/elpueblonoticia.com.ar\/web\/wp-json\/wp\/v2\/posts\/7788\/revisions"}],"predecessor-version":[{"id":7790,"href":"https:\/\/elpueblonoticia.com.ar\/web\/wp-json\/wp\/v2\/posts\/7788\/revisions\/7790"}],"wp:featuredmedia":[{"embeddable":true,"href":"https:\/\/elpueblonoticia.com.ar\/web\/wp-json\/wp\/v2\/media\/7789"}],"wp:attachment":[{"href":"https:\/\/elpueblonoticia.com.ar\/web\/wp-json\/wp\/v2\/media?parent=7788"}],"wp:term":[{"taxonomy":"category","embeddable":true,"href":"https:\/\/elpueblonoticia.com.ar\/web\/wp-json\/wp\/v2\/categories?post=7788"},{"taxonomy":"post_tag","embeddable":true,"href":"https:\/\/elpueblonoticia.com.ar\/web\/wp-json\/wp\/v2\/tags?post=7788"}],"curies":[{"name":"wp","href":"https:\/\/api.w.org\/{rel}","templated":true}]}}