{"id":7782,"date":"2026-03-10T14:54:52","date_gmt":"2026-03-10T17:54:52","guid":{"rendered":"https:\/\/elpueblonoticia.com.ar\/web\/?p=7782"},"modified":"2026-03-10T14:54:52","modified_gmt":"2026-03-10T17:54:52","slug":"acreditacion-de-prensa-del-mundial-de-pesca-2026","status":"publish","type":"post","link":"https:\/\/elpueblonoticia.com.ar\/web\/2026\/03\/10\/acreditacion-de-prensa-del-mundial-de-pesca-2026\/","title":{"rendered":"Acreditaci\u00f3n de prensa del mundial de pesca 2026"},"content":{"rendered":"<p>El \u00c1rea de Prensa de la Comisi\u00f3n Municipal de Pesca informa que se encuentra abierto el per\u00edodo de acreditaciones para medios que deseen cubrir la 49\u00b0 Fiesta Nacional del Surub\u00ed y 38\u00b0 Expo Goya .<\/p>\n<p>El evento, conocido como el Mundial de Pesca, se realizar\u00e1 del 27 de abril al 3 de mayo de 2026 en el Predio Costa Surub\u00ed de la ciudad de Goya.<\/p>\n<p>Fecha l\u00edmite para enviar solicitudes:<br \/>\nMi\u00e9rcoles 15 de abril<\/p>\n<p>Enviar a:<br \/>\n<span id=\"cloakf8f756e38cd5dd0da8ff91c06f02373c\">prensasurubigoya@hotmail.com<\/span><\/p>\n<p>Adjuntar nota membretada del medio y firmada por su director, indicando:<\/p>\n<p>* Tipo de cobertura<br \/>\n* Nombre y apellido<br \/>\n* DNI<br \/>\n* Tel\u00e9fono<br \/>\n* Funci\u00f3n dentro del medio<\/p>\n<p>? Cantidad de acreditaciones por medio:<br \/>\nPrensa gr\u00e1fica: 2<br \/>\nWeb \/ Redes: 2<br \/>\nRadio: 3<br \/>\nTV: 5<\/p>\n<p>Los medios que realicen transmisi\u00f3n en vivo deber\u00e1n detallar sus necesidades t\u00e9cnicas.<\/p>\n<p>\u00a1Los esperamos para vivir juntos una nueva edici\u00f3n del Mundial de Pesca! ?<\/p>\n<p>Adjuntamos adem\u00e1s ENLACE DE FORMULARIO ONLINE ??<br \/>\n<a href=\"https:\/\/forms.gle\/4CwqGQ5iPRAbpmBd9\">https:\/\/forms.gle\/4CwqGQ5iPRAbpmBd9<\/a><\/p>\n<p>\u00c1rea de Prensa \u2013 CoMuPe<br \/>\nFiesta Nacional del Surub\u00ed<\/p>\n","protected":false},"excerpt":{"rendered":"<p>El \u00c1rea de Prensa de la Comisi\u00f3n Municipal de Pesca informa que se encuentra abierto el per\u00edodo de acreditaciones para medios que deseen cubrir la 49\u00b0 Fiesta Nacional del Surub\u00ed y 38\u00b0 Expo Goya . El evento, conocido como el Mundial de Pesca, se realizar\u00e1 del 27 de abril al 3 de mayo de 2026 [&hellip;]<\/p>\n","protected":false},"author":2,"featured_media":7783,"comment_status":"open","ping_status":"open","sticky":false,"template":"","format":"standard","meta":{"footnotes":""},"categories":[56],"tags":[],"class_list":{"0":"post-7782","1":"post","2":"type-post","3":"status-publish","4":"format-standard","5":"has-post-thumbnail","7":"category-locales"},"_links":{"self":[{"href":"https:\/\/elpueblonoticia.com.ar\/web\/wp-json\/wp\/v2\/posts\/7782","targetHints":{"allow":["GET"]}}],"collection":[{"href":"https:\/\/elpueblonoticia.com.ar\/web\/wp-json\/wp\/v2\/posts"}],"about":[{"href":"https:\/\/elpueblonoticia.com.ar\/web\/wp-json\/wp\/v2\/types\/post"}],"author":[{"embeddable":true,"href":"https:\/\/elpueblonoticia.com.ar\/web\/wp-json\/wp\/v2\/users\/2"}],"replies":[{"embeddable":true,"href":"https:\/\/elpueblonoticia.com.ar\/web\/wp-json\/wp\/v2\/comments?post=7782"}],"version-history":[{"count":1,"href":"https:\/\/elpueblonoticia.com.ar\/web\/wp-json\/wp\/v2\/posts\/7782\/revisions"}],"predecessor-version":[{"id":7784,"href":"https:\/\/elpueblonoticia.com.ar\/web\/wp-json\/wp\/v2\/posts\/7782\/revisions\/7784"}],"wp:featuredmedia":[{"embeddable":true,"href":"https:\/\/elpueblonoticia.com.ar\/web\/wp-json\/wp\/v2\/media\/7783"}],"wp:attachment":[{"href":"https:\/\/elpueblonoticia.com.ar\/web\/wp-json\/wp\/v2\/media?parent=7782"}],"wp:term":[{"taxonomy":"category","embeddable":true,"href":"https:\/\/elpueblonoticia.com.ar\/web\/wp-json\/wp\/v2\/categories?post=7782"},{"taxonomy":"post_tag","embeddable":true,"href":"https:\/\/elpueblonoticia.com.ar\/web\/wp-json\/wp\/v2\/tags?post=7782"}],"curies":[{"name":"wp","href":"https:\/\/api.w.org\/{rel}","templated":true}]}}