{"id":7778,"date":"2026-03-10T14:51:10","date_gmt":"2026-03-10T17:51:10","guid":{"rendered":"https:\/\/elpueblonoticia.com.ar\/web\/?p=7778"},"modified":"2026-03-10T14:52:45","modified_gmt":"2026-03-10T17:52:45","slug":"salario-minimo-marzo-2026-de-cuanto-es-y-como-quedaron-los-montos-actualizados","status":"publish","type":"post","link":"https:\/\/elpueblonoticia.com.ar\/web\/2026\/03\/10\/salario-minimo-marzo-2026-de-cuanto-es-y-como-quedaron-los-montos-actualizados\/","title":{"rendered":"Salario m\u00ednimo Marzo 2026: De cu\u00e1nto es y c\u00f3mo quedaron los montos actualizados"},"content":{"rendered":"<p>El Gobierno fij\u00f3 por decreto los valores hasta agosto y estableci\u00f3 subas mensuales escalonadas. En marzo el SMVM volvi\u00f3 a aumentar<strong>.<\/strong><\/p>\n<p>El Gobierno nacional fij\u00f3 el Salario M\u00ednimo, Vital y M\u00f3vil para marzo de 2026 y estableci\u00f3 un esquema de actualizaciones mensuales hasta agosto. La medida fue dispuesta por decreto tras la falta de acuerdo en el Consejo del Salario y determina tambi\u00e9n el valor por hora para trabajadores jornalizados.<\/p>\n<p>El SMVM constituye el piso salarial legal que puede percibir un trabajador por su tarea y est\u00e1 garantizado por el art\u00edculo 14 bis de la Constituci\u00f3n Nacional y la Ley de Contrato de Trabajo. Habitualmente su monto surge de la negociaci\u00f3n entre el Estado, empleadores y sindicatos en el Consejo Nacional del Empleo, la Productividad y el Salario M\u00ednimo, Vital y M\u00f3vil.<\/p>\n<article class=\"article-body article-body--third-paragraph content-protected-false\">\n<p data-start=\"904\" data-end=\"1087\">Sin embargo, ante la ausencia de consenso en diciembre de 2025, el Ejecutivo resolvi\u00f3 establecer los incrementos por decreto mediante la Resoluci\u00f3n 9\/2025 de la Secretar\u00eda de Trabajo.<\/p>\n<\/article>\n<article class=\"article-body article-body--fourth-paragraph content-protected-false\">\n<h2 data-start=\"1089\" data-end=\"1152\">\u00bfDe cu\u00e1nto es el Salario M\u00ednimo Vital y M\u00f3vil en marzo 2026?<\/h2>\n<p data-start=\"1154\" data-end=\"1234\">En el tercer mes del a\u00f1o, los valores quedaron definidos de la siguiente manera:<\/p>\n<\/article>\n<article class=\"article-body article-body--fifth-paragraph content-protected-false\">\n<ul>\n<li data-start=\"1239\" data-end=\"1277\"><strong data-start=\"1239\" data-end=\"1266\">Salario m\u00ednimo mensual:<\/strong>\u00a0$352.400<\/li>\n<li data-start=\"1281\" data-end=\"1340\"><strong data-start=\"1281\" data-end=\"1331\">Valor por hora para trabajadores jornalizados:<\/strong>\u00a0$1.762<\/li>\n<\/ul>\n<p data-start=\"1342\" data-end=\"1644\">En comparaci\u00f3n con febrero, cuando el salario m\u00ednimo fue de $346.800, el incremento fue de $5.600, lo que representa una suba del 1,61%. Para abril se prev\u00e9 un ajuste similar, dentro de un cronograma de aumentos decrecientes dispuesto por la administraci\u00f3n de\u00a0<strong data-start=\"1602\" data-end=\"1643\">Javier Milei<\/strong>.<\/p>\n<\/article>\n<article class=\"article-body article-body--remaining-paragraph content-protected-false\">\n<p data-start=\"1646\" data-end=\"1806\">A diferencia de jubilaciones y prestaciones sociales, el salario m\u00ednimo no se actualiza autom\u00e1ticamente por inflaci\u00f3n ni por el \u00cdndice de Precios al Consumidor.<\/p>\n<h2 data-start=\"1808\" data-end=\"1873\">\u00bfC\u00f3mo impacta el salario m\u00ednimo en ANSeS y otras prestaciones?<\/h2>\n<p data-start=\"1875\" data-end=\"2026\">El SMVM no solo fija el piso salarial, sino que tambi\u00e9n influye en distintos beneficios sociales y previsionales. Actualmente, los montos vigentes son:<\/p>\n<ul>\n<li data-start=\"2031\" data-end=\"2100\"><strong data-start=\"2031\" data-end=\"2053\">Jubilaci\u00f3n m\u00ednima:<\/strong>\u00a0$439.600,88 con el bono de $70.000 incluido.<\/li>\n<li data-start=\"2104\" data-end=\"2143\"><strong data-start=\"2104\" data-end=\"2126\">Jubilaci\u00f3n m\u00e1xima:<\/strong>\u00a0$2.486.347,64.<\/li>\n<li data-start=\"2147\" data-end=\"2230\"><strong data-start=\"2147\" data-end=\"2197\">Pensi\u00f3n Universal para el Adulto Mayor (PUAM):<\/strong>\u00a0$365.680,70 con bono incluido.<\/li>\n<li data-start=\"2234\" data-end=\"2321\"><strong data-start=\"2234\" data-end=\"2288\">Pensi\u00f3n No Contributiva por Invalidez y por Vejez:<\/strong>\u00a0$328.720,62 con bono incluido.<\/li>\n<li data-start=\"2325\" data-end=\"2387\"><strong data-start=\"2325\" data-end=\"2354\">Pensi\u00f3n Madre de 7 hijos:<\/strong>\u00a0$439.600,88 con bono incluido.<\/li>\n<li data-start=\"2391\" data-end=\"2469\"><strong data-start=\"2391\" data-end=\"2431\">Asignaci\u00f3n Universal por Hijo (AUH):<\/strong>\u00a0$132.814 por hijo (100% del valor).<\/li>\n<li data-start=\"2473\" data-end=\"2545\"><strong data-start=\"2473\" data-end=\"2507\">AUH por hijo con discapacidad:<\/strong>\u00a0$432.461 por hijo (100% del valor).<\/li>\n<\/ul>\n<h2 data-start=\"2547\" data-end=\"2609\">\u00bfC\u00f3mo evolucionar\u00e1 el salario m\u00ednimo en los pr\u00f3ximos meses?<\/h2>\n<p data-start=\"2611\" data-end=\"2674\">El decreto tambi\u00e9n estableci\u00f3 los valores hasta agosto de 2026:<\/p>\n<h3>Marzo 2026<\/h3>\n<ul>\n<li data-start=\"2694\" data-end=\"2728\">Salario m\u00ednimo mensual: $352.400<\/li>\n<li data-start=\"2732\" data-end=\"2756\">Valor por hora: $1.762<\/li>\n<\/ul>\n<h3>Abril 2026<\/h3>\n<ul>\n<li data-start=\"2776\" data-end=\"2810\">Salario m\u00ednimo mensual: $357.800<\/li>\n<li data-start=\"2814\" data-end=\"2838\">Valor por hora: $1.789<\/li>\n<\/ul>\n<h3>Mayo 2026<\/h3>\n<ul>\n<li data-start=\"2857\" data-end=\"2891\">Salario m\u00ednimo mensual: $363.000<\/li>\n<li data-start=\"2895\" data-end=\"2919\">Valor por hora: $1.815<\/li>\n<\/ul>\n<h3>Junio 2026<\/h3>\n<ul>\n<li data-start=\"2939\" data-end=\"2973\">Salario m\u00ednimo mensual: $367.800<\/li>\n<li data-start=\"2977\" data-end=\"3001\">Valor por hora: $1.839<\/li>\n<\/ul>\n<h3>Julio 2026<\/h3>\n<ul>\n<li data-start=\"3021\" data-end=\"3055\">Salario m\u00ednimo mensual: $372.400<\/li>\n<li data-start=\"3059\" data-end=\"3083\">Valor por hora: $1.862<\/li>\n<\/ul>\n<h3>Agosto 2026<\/h3>\n<ul>\n<li data-start=\"3104\" data-end=\"3138\">Salario m\u00ednimo mensual: $376.600<\/li>\n<li data-start=\"3142\" data-end=\"3166\">Valor por hora: $1.883<\/li>\n<\/ul>\n<p data-start=\"3168\" data-end=\"3424\" data-is-last-node=\"\" data-is-only-node=\"\">Con este esquema, el Ejecutivo defini\u00f3 de antemano la trayectoria del ingreso m\u00ednimo hasta el segundo semestre del a\u00f1o, en un contexto donde el salario m\u00ednimo sigue siendo una referencia clave para el mercado laboral y para m\u00faltiples prestaciones sociales.<\/p>\n<\/article>\n","protected":false},"excerpt":{"rendered":"<p>El Gobierno fij\u00f3 por decreto los valores hasta agosto y estableci\u00f3 subas mensuales escalonadas. En marzo el SMVM volvi\u00f3 a aumentar. El Gobierno nacional fij\u00f3 el Salario M\u00ednimo, Vital y M\u00f3vil para marzo de 2026 y estableci\u00f3 un esquema de actualizaciones mensuales hasta agosto. La medida fue dispuesta por decreto tras la falta de acuerdo [&hellip;]<\/p>\n","protected":false},"author":2,"featured_media":7781,"comment_status":"open","ping_status":"open","sticky":false,"template":"","format":"standard","meta":{"footnotes":""},"categories":[65],"tags":[],"class_list":{"0":"post-7778","1":"post","2":"type-post","3":"status-publish","4":"format-standard","5":"has-post-thumbnail","7":"category-economia"},"_links":{"self":[{"href":"https:\/\/elpueblonoticia.com.ar\/web\/wp-json\/wp\/v2\/posts\/7778","targetHints":{"allow":["GET"]}}],"collection":[{"href":"https:\/\/elpueblonoticia.com.ar\/web\/wp-json\/wp\/v2\/posts"}],"about":[{"href":"https:\/\/elpueblonoticia.com.ar\/web\/wp-json\/wp\/v2\/types\/post"}],"author":[{"embeddable":true,"href":"https:\/\/elpueblonoticia.com.ar\/web\/wp-json\/wp\/v2\/users\/2"}],"replies":[{"embeddable":true,"href":"https:\/\/elpueblonoticia.com.ar\/web\/wp-json\/wp\/v2\/comments?post=7778"}],"version-history":[{"count":1,"href":"https:\/\/elpueblonoticia.com.ar\/web\/wp-json\/wp\/v2\/posts\/7778\/revisions"}],"predecessor-version":[{"id":7780,"href":"https:\/\/elpueblonoticia.com.ar\/web\/wp-json\/wp\/v2\/posts\/7778\/revisions\/7780"}],"wp:featuredmedia":[{"embeddable":true,"href":"https:\/\/elpueblonoticia.com.ar\/web\/wp-json\/wp\/v2\/media\/7781"}],"wp:attachment":[{"href":"https:\/\/elpueblonoticia.com.ar\/web\/wp-json\/wp\/v2\/media?parent=7778"}],"wp:term":[{"taxonomy":"category","embeddable":true,"href":"https:\/\/elpueblonoticia.com.ar\/web\/wp-json\/wp\/v2\/categories?post=7778"},{"taxonomy":"post_tag","embeddable":true,"href":"https:\/\/elpueblonoticia.com.ar\/web\/wp-json\/wp\/v2\/tags?post=7778"}],"curies":[{"name":"wp","href":"https:\/\/api.w.org\/{rel}","templated":true}]}}