{"id":7775,"date":"2026-03-10T14:48:19","date_gmt":"2026-03-10T17:48:19","guid":{"rendered":"https:\/\/elpueblonoticia.com.ar\/web\/?p=7775"},"modified":"2026-03-10T14:48:37","modified_gmt":"2026-03-10T17:48:37","slug":"corrientes-sostiene-como-refinanciar-deudas-con-cuotas-fijas-y-tasas-reducidas","status":"publish","type":"post","link":"https:\/\/elpueblonoticia.com.ar\/web\/2026\/03\/10\/corrientes-sostiene-como-refinanciar-deudas-con-cuotas-fijas-y-tasas-reducidas\/","title":{"rendered":"Corrientes Sostiene: C\u00f3mo refinanciar deudas con cuotas fijas y tasas reducidas"},"content":{"rendered":"<div class=\"article__headline\">El Gobierno provincial y el Banco de Corrientes oficializaron este programa de refinanciaci\u00f3n de deudas, que apunta a aliviar el peso de tarjetas de cr\u00e9dito y cr\u00e9ditos corporativos.<\/div>\n<p>&nbsp;<\/p>\n<p>En una medida clave para la econom\u00eda dom\u00e9stica y productiva, se puso en marcha el programa\u00a0<strong>&#8220;<\/strong>Corrientes Sostiene<strong>&#8220;<\/strong>, un plan integral de refinanciaci\u00f3n presentado por el gobernador\u00a0Juan Pablo Vald\u00e9s.<\/p>\n<p>Con una inversi\u00f3n total de\u00a0$130.000 millones, la iniciativa busca otorgar aire financiero a sectores que enfrentan dificultades por el contexto econ\u00f3mico actual.<\/p>\n<p>El plan, que fuera anunciado durante la apertura de sesiones ordinarias el pasado 1 de marzo, se divide en dos ejes fundamentales: uno destinado a las familias y otro espec\u00edficamente enfocado en el sector empresarial y productivo.<\/p>\n<h2><strong>Corrientes Sostiene Familias: alivio para el consumo<\/strong><\/h2>\n<p>Para los hogares correntinos, el programa ofrece la posibilidad de refinanciar deudas de tarjeta de cr\u00e9dito (desde $100.000) en planes de\u00a06 o 12 cuotas fijas. La propuesta incluye una\u00a0reducci\u00f3n de 29 puntos en la tasa de inter\u00e9s, buscando reducir el peso de los intereses acumulados.<\/p>\n<ul>\n<li><strong>Alcance:<\/strong>\u00a089.000 beneficiarios en toda la provincia.<\/li>\n<li><strong>Alivio estimado:<\/strong>\u00a0$90.000 millones.<\/li>\n<li><strong>Canales de atenci\u00f3n:<\/strong>\u00a0Los interesados pueden gestionar el beneficio llamando al\u00a0<strong>0800 444 0160<\/strong>\u00a0(BanCo) o al\u00a0<strong>011 4379 3419<\/strong>\u00a0(Visa), de lunes a viernes de 9 a 21 horas.<\/li>\n<li><strong>Plazos:<\/strong>\u00a0Primera ventana hasta el 12 de marzo; segunda ventana, del 16 de marzo al 16 de abril.<\/li>\n<\/ul>\n<h2><strong>Corrientes Sostiene Empresas: impulso a la producci\u00f3n<\/strong><\/h2>\n<p>Por otro lado, el segmento empresarial est\u00e1 orientado a productores y firmas que utilicen el\u00a0<strong>75% o m\u00e1s de su l\u00edmite<\/strong>\u00a0en cuenta corriente o tarjetas corporativas, o que presenten dificultades de cumplimiento. Esta vertiente permite refinanciar hasta el 80% de los saldos con una tasa bonificada en\u00a0<strong>15 puntos<\/strong>\u00a0y planes de hasta 12 cuotas.<\/p>\n<ul>\n<li><strong>Alcance:<\/strong>\u00a0M\u00e1s de 1.400 empresas correntinas.<\/li>\n<li><strong>Alivio estimado:<\/strong>\u00a0$40.000 millones.<\/li>\n<li><strong>Gesti\u00f3n:<\/strong>\u00a0Las solicitudes deben realizarse directamente en las sucursales del Banco de Corrientes, con el oficial de cuenta correspondiente.<\/li>\n<\/ul>\n<h2><strong>La visi\u00f3n de la banca p\u00fablica<\/strong><\/h2>\n<p>La presidente del Banco de Corrientes,\u00a0Laura Sprovieri, remarc\u00f3 que esta pol\u00edtica responde a la necesidad de &#8220;ordenar cuentas&#8221; en una econom\u00eda en proceso de reordenamiento. &#8220;Cuando una econom\u00eda se est\u00e1 reordenando, la vida real no espera. Las familias necesitan ordenar sus cuentas y las empresas necesitan aire para seguir produciendo, pagando sueldos y sosteniendo actividad&#8221;, afirm\u00f3.<\/p>\n<p>Por su parte, el gobernador Vald\u00e9s hizo hincapi\u00e9 en el equilibrio de las cuentas p\u00fablicas como pilar para financiar esta asistencia. &#8220;Ayudarlos a desendeudarse es una manera concreta de cuidar el trabajo, la producci\u00f3n y a los emprendimientos&#8221;, concluy\u00f3 el mandatario.<\/p>\n","protected":false},"excerpt":{"rendered":"<p>El Gobierno provincial y el Banco de Corrientes oficializaron este programa de refinanciaci\u00f3n de deudas, que apunta a aliviar el peso de tarjetas de cr\u00e9dito y cr\u00e9ditos corporativos. &nbsp; En una medida clave para la econom\u00eda dom\u00e9stica y productiva, se puso en marcha el programa\u00a0&#8220;Corrientes Sostiene&#8220;, un plan integral de refinanciaci\u00f3n presentado por el gobernador\u00a0Juan [&hellip;]<\/p>\n","protected":false},"author":2,"featured_media":7776,"comment_status":"open","ping_status":"open","sticky":false,"template":"","format":"standard","meta":{"footnotes":""},"categories":[72],"tags":[],"class_list":{"0":"post-7775","1":"post","2":"type-post","3":"status-publish","4":"format-standard","5":"has-post-thumbnail","7":"category-provinciales"},"_links":{"self":[{"href":"https:\/\/elpueblonoticia.com.ar\/web\/wp-json\/wp\/v2\/posts\/7775","targetHints":{"allow":["GET"]}}],"collection":[{"href":"https:\/\/elpueblonoticia.com.ar\/web\/wp-json\/wp\/v2\/posts"}],"about":[{"href":"https:\/\/elpueblonoticia.com.ar\/web\/wp-json\/wp\/v2\/types\/post"}],"author":[{"embeddable":true,"href":"https:\/\/elpueblonoticia.com.ar\/web\/wp-json\/wp\/v2\/users\/2"}],"replies":[{"embeddable":true,"href":"https:\/\/elpueblonoticia.com.ar\/web\/wp-json\/wp\/v2\/comments?post=7775"}],"version-history":[{"count":1,"href":"https:\/\/elpueblonoticia.com.ar\/web\/wp-json\/wp\/v2\/posts\/7775\/revisions"}],"predecessor-version":[{"id":7777,"href":"https:\/\/elpueblonoticia.com.ar\/web\/wp-json\/wp\/v2\/posts\/7775\/revisions\/7777"}],"wp:featuredmedia":[{"embeddable":true,"href":"https:\/\/elpueblonoticia.com.ar\/web\/wp-json\/wp\/v2\/media\/7776"}],"wp:attachment":[{"href":"https:\/\/elpueblonoticia.com.ar\/web\/wp-json\/wp\/v2\/media?parent=7775"}],"wp:term":[{"taxonomy":"category","embeddable":true,"href":"https:\/\/elpueblonoticia.com.ar\/web\/wp-json\/wp\/v2\/categories?post=7775"},{"taxonomy":"post_tag","embeddable":true,"href":"https:\/\/elpueblonoticia.com.ar\/web\/wp-json\/wp\/v2\/tags?post=7775"}],"curies":[{"name":"wp","href":"https:\/\/api.w.org\/{rel}","templated":true}]}}