{"id":7757,"date":"2026-03-10T14:29:39","date_gmt":"2026-03-10T17:29:39","guid":{"rendered":"https:\/\/elpueblonoticia.com.ar\/web\/?p=7757"},"modified":"2026-03-10T14:32:15","modified_gmt":"2026-03-10T17:32:15","slug":"en-lo-que-va-de-la-gestion-milei-ya-se-destruyeron-mas-de-100-mil-empleos-en-la-industria","status":"publish","type":"post","link":"https:\/\/elpueblonoticia.com.ar\/web\/2026\/03\/10\/en-lo-que-va-de-la-gestion-milei-ya-se-destruyeron-mas-de-100-mil-empleos-en-la-industria\/","title":{"rendered":"En lo que va de la gesti\u00f3n Milei, ya se destruyeron m\u00e1s de 100 mil empleos en la industria"},"content":{"rendered":"<p>Desde el inicio de la gesti\u00f3n libertaria, 160 empleos industriales por d\u00eda fueron dados de baja. El PBI industrial per c\u00e1pita se ubica hoy en niveles similares a los de 1985, lo que implica un retroceso cercano a cuatro d\u00e9cadas.<\/p>\n<p>Un informe elaborado por equipos de investigaci\u00f3n de la Facultad de Ciencias Econ\u00f3micas de la Universidad de Buenos Aires (UBA) advirti\u00f3 sobre un contundente proceso de destrucci\u00f3n de puestos de trabajo en la Industria en la Argentina desde el inicio del gobierno de Javier Milei, con m\u00e1s de 100 mil empleos perdidos desde noviembre de 2023. El estudio vincula esta ca\u00edda con un\u00a0<span id=\"saysCMSEmphasisx72f3ci19c\" class=\"saysCMSEmphasis\">retroceso general de la actividad productiva y cambios en la estructura econ\u00f3mica.<\/span><\/p>\n<section class=\"detail-body second-paragraph\">\n<section class=\"body-content note-body content-protected-false\">El informe, elaborado por el \u00c1rea de Estudios Sobre la Industria Argentina y Latinoamericana (AESIAL) y el Centro de Estudios de Historia Econ\u00f3mica Argentina y Latinoamericana (CEHEAL), analiza la evoluci\u00f3n del sector entre 2023 y 2025 y advierte que<span id=\"saysCMSEmphasists0su9ni8ml\" class=\"saysCMSEmphasis\">\u00a0la destrucci\u00f3n de empleos desde el inicio de la gesti\u00f3n libertaria se da a un ritmo de 160 empleos industriales menos por d\u00eda desde fines de 2023<\/span>, lo que refleja un deterioro sostenido del mercado laboral en el sector.<\/p>\n<section class=\"detail-body\">\n<section class=\"body-content note-body content-protected-false\">El estudio vincula la destrucci\u00f3n de empleo con la ca\u00edda de la producci\u00f3n industrial registrada en los \u00faltimos dos a\u00f1os.<\/section>\n<\/section>\n<section class=\"detail-body\">\n<section class=\"body-content note-body content-protected-false\"><span id=\"saysCMSEmphasis8iry0amxnqt\" class=\"saysCMSEmphasis\">Entre el tercer trimestre de 2023 y el mismo per\u00edodo de 2025, la econom\u00eda argentina creci\u00f3 apenas 1,3%, mientras que la industria se contrajo 8,3%.<\/span><\/section>\n<\/section>\n<section class=\"detail-body\">\n<section class=\"body-content note-body content-protected-false\">En paralelo, el informe se\u00f1ala que\u00a0<span id=\"saysCMSEmphasis0pydjrhayot\" class=\"saysCMSEmphasis\">22 de los 24 sectores industriales registraron retrocesos en su valor agregado entre mediados de 2023 y mediados de 2025<\/span>, lo que muestra que la crisis se extiende a gran parte del entramado productivo.<\/section>\n<\/section>\n<section class=\"detail-body\">\n<section class=\"body-content note-body content-protected-false\">Otro indicador cr\u00edtico es el nivel de utilizaci\u00f3n de las f\u00e1bricas.\u00a0<span id=\"saysCMSEmphasisqcsa1b4v5c\" class=\"saysCMSEmphasis\">Durante 2024 y 2025, la industria oper\u00f3 por debajo del 60% de su capacidad instalada, lo que implica m\u00e1s de 40% de capacidad ociosa.<\/span>Entre las ramas industriales que registraron las mayores ca\u00eddas, con retrocesos de entre 20% y 25%, aparecen la metalurgia, la industria del calzado, curtiembres, e industrias vinculadas a la construcci\u00f3n.<\/p>\n<p>Otros sectores mostraron mayor resistencia, aunque tambi\u00e9n registraron ca\u00eddas m\u00e1s moderadas, como la industria alimenticia, las tabacaleras y el sector del transporte.<\/p>\n<h2><strong>Menos industria<\/strong><\/h2>\n<p>El informe de la UBA tambi\u00e9n advierte sobre un<span id=\"saysCMSEmphasissus1hwnszr\" class=\"saysCMSEmphasis\">\u00a0retroceso en la participaci\u00f3n de la industria dentro del Producto Bruto Interno (PBI).\u00a0<\/span>Seg\u00fan los datos del estudio,<span id=\"saysCMSEmphasisjvfxeqpzziq\" class=\"saysCMSEmphasis\">\u00a0el peso del sector pas\u00f3 del 16,5% en 2023 al 13,7% en 2025, un nivel comparable con el que ten\u00eda la Argentina antes de la Segunda Guerra Mundial, hace m\u00e1s de 80 a\u00f1os.<\/span><\/p>\n<p>Adem\u00e1s, los investigadores detectaron un\u00a0<span id=\"saysCMSEmphasisesjtxscdon\" class=\"saysCMSEmphasis\">proceso de simplificaci\u00f3n exportadora.\u00a0<\/span>Las exportaciones industriales de mayor valor agregado \u2014las llamadas Manufacturas de Origen Industrial (MOI)\u2014 representan actualmente el 28% del total exportado por la industria, cuando en 2011 hab\u00edan alcanzado el 35%.<\/p>\n<p>Esto implica que\u00a0<span id=\"saysCMSEmphasiscax4x48sqvp\" class=\"saysCMSEmphasis\">la canasta exportadora del sector se concentra cada vez m\u00e1s en alimentos y commodities, con menor contenido tecnol\u00f3gico y menor capacidad de generaci\u00f3n de empleo.<\/span><\/p>\n<p>El informe tambi\u00e9n advierte sobre la situaci\u00f3n del sector de bienes de capital, considerado clave para el desarrollo industrial.<\/p>\n<p><span id=\"saysCMSEmphasis3aabzz38odg\" class=\"saysCMSEmphasis\">Entre 2023 y 2025, la producci\u00f3n local cay\u00f3 casi 25%, mientras que las importaciones crecieron 77%.<\/span><\/p>\n<p>A esto se suma el impacto del Decreto 273\/2025, que flexibiliz\u00f3 la importaci\u00f3n de maquinaria agr\u00edcola usada. Entre mayo y octubre de 2025,\u00a0<span id=\"saysCMSEmphasisdxui26ohj4u\" class=\"saysCMSEmphasis\">estas compras externas se multiplicaron por ocho en comparaci\u00f3n con el mismo per\u00edodo de 2024.<\/span><\/p>\n<p>Esto implica que\u00a0<span id=\"saysCMSEmphasiscax4x48sqvp\" class=\"saysCMSEmphasis\">la canasta exportadora del sector se concentra cada vez m\u00e1s en alimentos y commodities, con menor contenido tecnol\u00f3gico y menor capacidad de generaci\u00f3n de empleo.<\/span><\/p>\n<p>El informe tambi\u00e9n advierte sobre la situaci\u00f3n del sector de bienes de capital, considerado clave para el desarrollo industrial.<\/p>\n<p><span id=\"saysCMSEmphasis3aabzz38odg\" class=\"saysCMSEmphasis\">Entre 2023 y 2025, la producci\u00f3n local cay\u00f3 casi 25%, mientras que las importaciones crecieron 77%.<\/span><\/p>\n<p>A esto se suma el impacto del Decreto 273\/2025, que flexibiliz\u00f3 la importaci\u00f3n de maquinaria agr\u00edcola usada. Entre mayo y octubre de 2025,\u00a0<span id=\"saysCMSEmphasisdxui26ohj4u\" class=\"saysCMSEmphasis\">estas compras externas se multiplicaron por ocho en comparaci\u00f3n con el mismo per\u00edodo de 2024.<\/span><\/p>\n<p>Los autores concluyen que estos indicadores reflejan un proceso de desindustrializaci\u00f3n que, de profundizarse, podr\u00eda tener impactos estructurales sobre el empleo, la producci\u00f3n y el perfil exportador de la econom\u00eda argentina.<\/p>\n<\/section>\n<\/section>\n<\/section>\n<\/section>\n","protected":false},"excerpt":{"rendered":"<p>Desde el inicio de la gesti\u00f3n libertaria, 160 empleos industriales por d\u00eda fueron dados de baja. El PBI industrial per c\u00e1pita se ubica hoy en niveles similares a los de 1985, lo que implica un retroceso cercano a cuatro d\u00e9cadas. Un informe elaborado por equipos de investigaci\u00f3n de la Facultad de Ciencias Econ\u00f3micas de la [&hellip;]<\/p>\n","protected":false},"author":2,"featured_media":7761,"comment_status":"open","ping_status":"open","sticky":false,"template":"","format":"standard","meta":{"footnotes":""},"categories":[65],"tags":[],"class_list":{"0":"post-7757","1":"post","2":"type-post","3":"status-publish","4":"format-standard","5":"has-post-thumbnail","7":"category-economia"},"_links":{"self":[{"href":"https:\/\/elpueblonoticia.com.ar\/web\/wp-json\/wp\/v2\/posts\/7757","targetHints":{"allow":["GET"]}}],"collection":[{"href":"https:\/\/elpueblonoticia.com.ar\/web\/wp-json\/wp\/v2\/posts"}],"about":[{"href":"https:\/\/elpueblonoticia.com.ar\/web\/wp-json\/wp\/v2\/types\/post"}],"author":[{"embeddable":true,"href":"https:\/\/elpueblonoticia.com.ar\/web\/wp-json\/wp\/v2\/users\/2"}],"replies":[{"embeddable":true,"href":"https:\/\/elpueblonoticia.com.ar\/web\/wp-json\/wp\/v2\/comments?post=7757"}],"version-history":[{"count":2,"href":"https:\/\/elpueblonoticia.com.ar\/web\/wp-json\/wp\/v2\/posts\/7757\/revisions"}],"predecessor-version":[{"id":7762,"href":"https:\/\/elpueblonoticia.com.ar\/web\/wp-json\/wp\/v2\/posts\/7757\/revisions\/7762"}],"wp:featuredmedia":[{"embeddable":true,"href":"https:\/\/elpueblonoticia.com.ar\/web\/wp-json\/wp\/v2\/media\/7761"}],"wp:attachment":[{"href":"https:\/\/elpueblonoticia.com.ar\/web\/wp-json\/wp\/v2\/media?parent=7757"}],"wp:term":[{"taxonomy":"category","embeddable":true,"href":"https:\/\/elpueblonoticia.com.ar\/web\/wp-json\/wp\/v2\/categories?post=7757"},{"taxonomy":"post_tag","embeddable":true,"href":"https:\/\/elpueblonoticia.com.ar\/web\/wp-json\/wp\/v2\/tags?post=7757"}],"curies":[{"name":"wp","href":"https:\/\/api.w.org\/{rel}","templated":true}]}}