{"id":7754,"date":"2026-03-10T14:28:02","date_gmt":"2026-03-10T17:28:02","guid":{"rendered":"https:\/\/elpueblonoticia.com.ar\/web\/?p=7754"},"modified":"2026-03-10T14:28:02","modified_gmt":"2026-03-10T17:28:02","slug":"miles-de-mujeres-marcharon-en-todo-el-pais-por-el-8m","status":"publish","type":"post","link":"https:\/\/elpueblonoticia.com.ar\/web\/2026\/03\/10\/miles-de-mujeres-marcharon-en-todo-el-pais-por-el-8m\/","title":{"rendered":"Miles de mujeres marcharon en todo el pa\u00eds por el 8m"},"content":{"rendered":"<p>Durante el domingo se celebraron manifestaciones en varias ciudades del mundo por el D\u00eda de la Mujer Trabajadora, y Argentina se sum\u00f3 este lunes.<\/p>\n<p>Miles de mujeres marcharon este lunes en varias ciudades de la Argentina a prop\u00f3sito de la celebraci\u00f3n del 8 de Marzo, D\u00eda de la Mujer Trabajadora, que a nivel mundial se vivi\u00f3 el domingo pasado.<\/p>\n<p>Adem\u00e1s de la multitudinaria marcha de Ni una Menos en la Ciudad de Buenos Aires, desde el Congreso a Plaza de Mayo se realizaron manifestaciones en San Rafael, Mendoza, C\u00f3rdoba, Rosario, Gualeguaych\u00fa, Paran\u00e1, General Roca, Neuqu\u00e9n, y muchas otras ciudades.<\/p>\n<p>En la Ciudad de Buenos Aires, el colectivo \u2018Ni Una Menos\u2019 impuls\u00f3 la convocatoria y se sumaron la CGT y las dos CTA (de los Trabajadores y Aut\u00f3noma); la agrupaci\u00f3n feminista de izquierda Pan y Rosas, integrada por la diputada nacional (FIT) Myriam Bregman; y la Campa\u00f1a Nacional por el Derecho al Aborto Legal, Seguro y Gratuito (que participa como parte de organizaciones feministas tradicionales), entre otras.<\/p>\n<p>La concentraci\u00f3n principal parti\u00f3 del Congreso Nacional hacia la Plaza de Mayo, en la Ciudad de Buenos Aires, a partir de las 16.30. La jornada federal se replic\u00f3 en las provincias de Tucum\u00e1n (Plaza Independencia), Entre R\u00edos (en El Reloj, Paran\u00e1) y en la ciudad balnearia de Mar del Plata (centro).<\/p>\n<p>En Rosario, como hace m\u00e1s de 10 a\u00f1os, la marcha por el D\u00eda de la Mujer parti\u00f3 desde la Plaza San Mart\u00edn hacia el Monumento a la Bandera, por las calles Moreno, San Lorenzo, Laprida y C\u00f3rdoba, por donde desfilaron columnas de manifestantes, de bailarinas y de carteles con consignas feministas porque el 8M &#8220;no es solo una conmemoraci\u00f3n, es un llamado a la organizaci\u00f3n, a la unidad y a la movilizaci\u00f3n colectiva&#8221;, como explicaron desde la Asamblea Feminista de Rosario, citadas por el sitio La Capital.<\/p>\n<p>En Mar del Plata, la marcha comenz\u00f3 en Luro y 20 de Septiembre y la columna avanz\u00f3 por la avenida hasta el Puente Las Am\u00e9ricas, donde se ley\u00f3 un documento donde se cruzaron los reclamos por el D\u00eda de la Mujer Trabajadora con las cr\u00edticas a la Reforma Laboral, que precariza y vulnera los derechos de los trabajadores en general.<\/p>\n<p>La misma situaci\u00f3n se vivi\u00f3 en las marchas de Gualeguaych\u00fa, C\u00f3rdoba o Paran\u00e1 por el 8M, ya que la lucha feminista qued\u00f3 una vez m\u00e1s ligada a la obrera, este a\u00f1o debido a las leyes recientemente votadas por el Congreso en las sesiones extraordinarias.<\/p>\n<p>En Paran\u00e1, Entre R\u00edos, las organizaciones feministras, sociales y pol\u00edticas se reunieron frente a la Casa de Gobierno provincial para leer un documento que otra vez estuvo atravesado por la pol\u00edtica, report\u00f3 El Once.<\/p>\n<p>En Neuqu\u00e9n, General Roca y otros puntos de la Patagonia la jornada se vivi\u00f3 con manifestaciones donde se incluyeron reclamos sonre salud, inserci\u00f3n laboral e igualdad ante la ley inform\u00f3 el sitio R\u00edo Negro.<\/p>\n<p>Seg\u00fan inform\u00f3 el medio entrerriano El D\u00eda, miles de mujeres se reunieron en Gualeguaych\u00fa para rechazar la &#8220;reforma laboral esclavista&#8221;, como describi\u00f3 la organizaci\u00f3n Enredada Feminista a la reciente &#8220;modernizaci\u00f3n&#8221; de las leyes laborales.<\/p>\n<p>Pero la organizaci\u00f3n no se qued\u00f3 ah\u00ed: tambi\u00e9n arremeti\u00f3 contra el R\u00e9gimen de Incentivo a las Grandes Inversiones (RIGI) por considerar que facilita la explotaci\u00f3n de recursos naturales por parte de grandes corporaciones, lo que probablemente sea m\u00e1s evidente conforme pasan los meses de gesti\u00f3n libertaria en el contexto global complejo.<\/p>\n","protected":false},"excerpt":{"rendered":"<p>Durante el domingo se celebraron manifestaciones en varias ciudades del mundo por el D\u00eda de la Mujer Trabajadora, y Argentina se sum\u00f3 este lunes. Miles de mujeres marcharon este lunes en varias ciudades de la Argentina a prop\u00f3sito de la celebraci\u00f3n del 8 de Marzo, D\u00eda de la Mujer Trabajadora, que a nivel mundial se [&hellip;]<\/p>\n","protected":false},"author":2,"featured_media":7755,"comment_status":"open","ping_status":"open","sticky":false,"template":"","format":"standard","meta":{"footnotes":""},"categories":[64],"tags":[],"class_list":{"0":"post-7754","1":"post","2":"type-post","3":"status-publish","4":"format-standard","5":"has-post-thumbnail","7":"category-nacionales"},"_links":{"self":[{"href":"https:\/\/elpueblonoticia.com.ar\/web\/wp-json\/wp\/v2\/posts\/7754","targetHints":{"allow":["GET"]}}],"collection":[{"href":"https:\/\/elpueblonoticia.com.ar\/web\/wp-json\/wp\/v2\/posts"}],"about":[{"href":"https:\/\/elpueblonoticia.com.ar\/web\/wp-json\/wp\/v2\/types\/post"}],"author":[{"embeddable":true,"href":"https:\/\/elpueblonoticia.com.ar\/web\/wp-json\/wp\/v2\/users\/2"}],"replies":[{"embeddable":true,"href":"https:\/\/elpueblonoticia.com.ar\/web\/wp-json\/wp\/v2\/comments?post=7754"}],"version-history":[{"count":1,"href":"https:\/\/elpueblonoticia.com.ar\/web\/wp-json\/wp\/v2\/posts\/7754\/revisions"}],"predecessor-version":[{"id":7756,"href":"https:\/\/elpueblonoticia.com.ar\/web\/wp-json\/wp\/v2\/posts\/7754\/revisions\/7756"}],"wp:featuredmedia":[{"embeddable":true,"href":"https:\/\/elpueblonoticia.com.ar\/web\/wp-json\/wp\/v2\/media\/7755"}],"wp:attachment":[{"href":"https:\/\/elpueblonoticia.com.ar\/web\/wp-json\/wp\/v2\/media?parent=7754"}],"wp:term":[{"taxonomy":"category","embeddable":true,"href":"https:\/\/elpueblonoticia.com.ar\/web\/wp-json\/wp\/v2\/categories?post=7754"},{"taxonomy":"post_tag","embeddable":true,"href":"https:\/\/elpueblonoticia.com.ar\/web\/wp-json\/wp\/v2\/tags?post=7754"}],"curies":[{"name":"wp","href":"https:\/\/api.w.org\/{rel}","templated":true}]}}