{"id":7750,"date":"2026-03-10T14:25:44","date_gmt":"2026-03-10T17:25:44","guid":{"rendered":"https:\/\/elpueblonoticia.com.ar\/web\/?p=7750"},"modified":"2026-03-10T14:25:44","modified_gmt":"2026-03-10T17:25:44","slug":"el-partido-autonomista-de-goya-homenajeo-a-las-mujeres-en-su-dia","status":"publish","type":"post","link":"https:\/\/elpueblonoticia.com.ar\/web\/2026\/03\/10\/el-partido-autonomista-de-goya-homenajeo-a-las-mujeres-en-su-dia\/","title":{"rendered":"El partido Autonomista de Goya homenaje\u00f3 a las mujeres en su d\u00eda"},"content":{"rendered":"<div>\n<p>En el marco del D\u00eda Internacional de la Mujer, celebrado el domingo 8 de marzo, el Partido Autonomista de Goya realiz\u00f3 un sencillo pero significativo homenaje a las mujeres de la ciudad.<\/p>\n<p>Durante la jornada, j\u00f3venes del Partido recorrieron las calles c\u00e9ntricas de Goya haciendo entrega de un presente simb\u00f3lico a mujeres que transitaban por el lugar. El obsequio consisti\u00f3 en una flor acompa\u00f1ada de una tarjeta con un mensaje especialmente dedicado a ellas.<\/p>\n<p><strong>Texto de la tarjeta<\/strong><\/p>\n<p>&#8220;Reconocemos el valor, la fuerza y la constancia de las mujeres que d\u00eda a d\u00eda inspiran y transforman nuestra sociedad.&#8221;<\/p>\n<p>Partido Autonomista &#8211; Goya<\/p>\n<p>La iniciativa busc\u00f3 destacar el rol fundamental que cumplen las mujeres en la vida cotidiana, en sus familias, en el trabajo y en la comunidad.<\/p>\n<p>El gesto fue muy bien recibido por las mujeres homenajeadas, quienes agradecieron la atenci\u00f3n y el reconocimiento en una fecha tan significativa.<\/p>\n<p>Desde el Partido Autonomista de Goya se\u00f1alaron que este tipo de acciones buscan poner en valor el aporte permanente de las mujeres a la construcci\u00f3n de una sociedad con m\u00e1s participaci\u00f3n, compromiso y solidaridad.<\/p>\n<\/div>\n<div class=\"s2s_supra_contenedor lang_directon_right s2sdefault  align_left  s2s_balloon_bottom \">\n<div class=\"s2s_contenedor  s2s_no_text  s2s-btn-group\">\n<div class=\"s2s_twitter s2s_btn s2s-btn-xs \"><i class=\"s2sfo fo-twitter\"><\/i><\/p>\n<div class=\"globo s2s_globo_closed s2s_twitter_iframe\">\n<div class=\"s2s_flecha\"><\/div>\n<\/div>\n<\/div>\n<div class=\"s2s_facebook s2s_btn s2s-btn-xs \"><i class=\"s2sfo fo-facebook\"><\/i><\/p>\n<div class=\"globo s2s_globo_closed s2s_facebook_iframe\">\n<div class=\"s2s_flecha\"><\/div>\n<div id=\"fb-root\"><\/div>\n<\/div>\n<\/div>\n<div class=\"s2s_wapp s2s_btn s2s-btn-xs  \"><i class=\"s2sfo fo-whatsapp\"><\/i><\/p>\n<div class=\"globo s2s_globo_closed s2s_wapp_iframe\">\n<div class=\"s2s_flecha\"><\/div>\n<p><i class=\"s2sfo fo-whatsapp\" aria-hidden=\"true\"><\/i><\/div>\n<\/div>\n<\/div>\n<div class=\"s2s_credits_wrapper\"><\/div>\n<\/div>\n","protected":false},"excerpt":{"rendered":"<p>En el marco del D\u00eda Internacional de la Mujer, celebrado el domingo 8 de marzo, el Partido Autonomista de Goya realiz\u00f3 un sencillo pero significativo homenaje a las mujeres de la ciudad. Durante la jornada, j\u00f3venes del Partido recorrieron las calles c\u00e9ntricas de Goya haciendo entrega de un presente simb\u00f3lico a mujeres que transitaban por [&hellip;]<\/p>\n","protected":false},"author":2,"featured_media":7751,"comment_status":"open","ping_status":"open","sticky":false,"template":"","format":"standard","meta":{"footnotes":""},"categories":[56],"tags":[],"class_list":{"0":"post-7750","1":"post","2":"type-post","3":"status-publish","4":"format-standard","5":"has-post-thumbnail","7":"category-locales"},"_links":{"self":[{"href":"https:\/\/elpueblonoticia.com.ar\/web\/wp-json\/wp\/v2\/posts\/7750","targetHints":{"allow":["GET"]}}],"collection":[{"href":"https:\/\/elpueblonoticia.com.ar\/web\/wp-json\/wp\/v2\/posts"}],"about":[{"href":"https:\/\/elpueblonoticia.com.ar\/web\/wp-json\/wp\/v2\/types\/post"}],"author":[{"embeddable":true,"href":"https:\/\/elpueblonoticia.com.ar\/web\/wp-json\/wp\/v2\/users\/2"}],"replies":[{"embeddable":true,"href":"https:\/\/elpueblonoticia.com.ar\/web\/wp-json\/wp\/v2\/comments?post=7750"}],"version-history":[{"count":2,"href":"https:\/\/elpueblonoticia.com.ar\/web\/wp-json\/wp\/v2\/posts\/7750\/revisions"}],"predecessor-version":[{"id":7753,"href":"https:\/\/elpueblonoticia.com.ar\/web\/wp-json\/wp\/v2\/posts\/7750\/revisions\/7753"}],"wp:featuredmedia":[{"embeddable":true,"href":"https:\/\/elpueblonoticia.com.ar\/web\/wp-json\/wp\/v2\/media\/7751"}],"wp:attachment":[{"href":"https:\/\/elpueblonoticia.com.ar\/web\/wp-json\/wp\/v2\/media?parent=7750"}],"wp:term":[{"taxonomy":"category","embeddable":true,"href":"https:\/\/elpueblonoticia.com.ar\/web\/wp-json\/wp\/v2\/categories?post=7750"},{"taxonomy":"post_tag","embeddable":true,"href":"https:\/\/elpueblonoticia.com.ar\/web\/wp-json\/wp\/v2\/tags?post=7750"}],"curies":[{"name":"wp","href":"https:\/\/api.w.org\/{rel}","templated":true}]}}