{"id":7747,"date":"2026-03-10T14:23:24","date_gmt":"2026-03-10T17:23:24","guid":{"rendered":"https:\/\/elpueblonoticia.com.ar\/web\/?p=7747"},"modified":"2026-03-10T20:10:20","modified_gmt":"2026-03-10T23:10:20","slug":"se-viene-la-travesia-salvemos-el-parana-y-sus-humedales","status":"publish","type":"post","link":"https:\/\/elpueblonoticia.com.ar\/web\/2026\/03\/10\/se-viene-la-travesia-salvemos-el-parana-y-sus-humedales\/","title":{"rendered":"Se viene la traves\u00eda salvemos el Paran\u00e1 y sus humedales"},"content":{"rendered":"<p>El Foro por la recuperaci\u00f3n del Paran\u00e1 y \u201cRemar\u201d contracorriente por el agua, la vida y la soberan\u00eda, invitan a participar del cronograma que en Goya concretar\u00e1 la Traves\u00eda concienciadora que parti\u00f3 de Puerto Las Palmas con destino a Rosario.<\/p>\n<p>Goya es uno de los puntos donde los palistas tienen programado desarrollar el siguiente cronograma, a partir del mediod\u00eda: Lectura de un documento, testimonio de los protagonistas de la traves\u00eda, bendici\u00f3n y despedida de los navegantes.<\/p>\n<p>Por tal motivo, se convoca a la ciudadan\u00eda a las 11,30 en playa El Inga para recibir a los navegantes y compartir con ellos por un lapso de 30 minutos la experiencia que realizan a trav\u00e9s de los testimonios que surgen de esta iniciativa titulada \u201cSalvemos el Paran\u00e1 y sus humedales\u201d.<\/p>\n<p>Finalizada la bendici\u00f3n, los kayaks abrir\u00e1n nuevamente surcos en el r\u00edo con la br\u00fajula marcando a La Paz como pr\u00f3ximo destino.<\/p>\n","protected":false},"excerpt":{"rendered":"<p>El Foro por la recuperaci\u00f3n del Paran\u00e1 y \u201cRemar\u201d contracorriente por el agua, la vida y la soberan\u00eda, invitan a participar del cronograma que en Goya concretar\u00e1 la Traves\u00eda concienciadora que parti\u00f3 de Puerto Las Palmas con destino a Rosario. Goya es uno de los puntos donde los palistas tienen programado desarrollar el siguiente cronograma, [&hellip;]<\/p>\n","protected":false},"author":2,"featured_media":7748,"comment_status":"open","ping_status":"open","sticky":false,"template":"","format":"standard","meta":{"footnotes":""},"categories":[56],"tags":[],"class_list":{"0":"post-7747","1":"post","2":"type-post","3":"status-publish","4":"format-standard","5":"has-post-thumbnail","7":"category-locales"},"_links":{"self":[{"href":"https:\/\/elpueblonoticia.com.ar\/web\/wp-json\/wp\/v2\/posts\/7747","targetHints":{"allow":["GET"]}}],"collection":[{"href":"https:\/\/elpueblonoticia.com.ar\/web\/wp-json\/wp\/v2\/posts"}],"about":[{"href":"https:\/\/elpueblonoticia.com.ar\/web\/wp-json\/wp\/v2\/types\/post"}],"author":[{"embeddable":true,"href":"https:\/\/elpueblonoticia.com.ar\/web\/wp-json\/wp\/v2\/users\/2"}],"replies":[{"embeddable":true,"href":"https:\/\/elpueblonoticia.com.ar\/web\/wp-json\/wp\/v2\/comments?post=7747"}],"version-history":[{"count":2,"href":"https:\/\/elpueblonoticia.com.ar\/web\/wp-json\/wp\/v2\/posts\/7747\/revisions"}],"predecessor-version":[{"id":7816,"href":"https:\/\/elpueblonoticia.com.ar\/web\/wp-json\/wp\/v2\/posts\/7747\/revisions\/7816"}],"wp:featuredmedia":[{"embeddable":true,"href":"https:\/\/elpueblonoticia.com.ar\/web\/wp-json\/wp\/v2\/media\/7748"}],"wp:attachment":[{"href":"https:\/\/elpueblonoticia.com.ar\/web\/wp-json\/wp\/v2\/media?parent=7747"}],"wp:term":[{"taxonomy":"category","embeddable":true,"href":"https:\/\/elpueblonoticia.com.ar\/web\/wp-json\/wp\/v2\/categories?post=7747"},{"taxonomy":"post_tag","embeddable":true,"href":"https:\/\/elpueblonoticia.com.ar\/web\/wp-json\/wp\/v2\/tags?post=7747"}],"curies":[{"name":"wp","href":"https:\/\/api.w.org\/{rel}","templated":true}]}}