{"id":7737,"date":"2026-03-10T14:12:33","date_gmt":"2026-03-10T17:12:33","guid":{"rendered":"https:\/\/elpueblonoticia.com.ar\/web\/?p=7737"},"modified":"2026-03-10T14:12:33","modified_gmt":"2026-03-10T17:12:33","slug":"guerra-en-medio-oriente-mojtaba-el-hijo-de-ali-jamenei-fue-elegido-como-nuevo-lider-supremo-de-iran","status":"publish","type":"post","link":"https:\/\/elpueblonoticia.com.ar\/web\/2026\/03\/10\/guerra-en-medio-oriente-mojtaba-el-hijo-de-ali-jamenei-fue-elegido-como-nuevo-lider-supremo-de-iran\/","title":{"rendered":"Guerra en Medio Oriente: Mojtaba, el hijo de Al\u00ed Jamenei, fue elegido como nuevo l\u00edder supremo de Ir\u00e1n"},"content":{"rendered":"<p>El hijo del recientemente asesinado Gu\u00eda Supremo asume el poder en el momento m\u00e1s cr\u00edtico del r\u00e9gimen. Su designaci\u00f3n deja a la vista la continuidad de la dinast\u00eda religiosa y la consolidaci\u00f3n del sector conservador dentro del aparato estatal.<\/p>\n<p>La Asamblea de Expertos design\u00f3 oficialmente a Mojtaba Jamenei, hijo del fallecido ayatol\u00e1 Ali Jamenei, como el nuevo L\u00edder Supremo de la Rep\u00fablica Isl\u00e1mica de Ir\u00e1n.<\/p>\n<p>Mediante un comunicado, la asamblea declar\u00f3 que \u201cdespu\u00e9s de estudios cuidadosos y extensos, en la sesi\u00f3n extraordinaria de hoy, el ayatol\u00e1 Seyyed Mojtaba Hosseini Jamenei (que Al\u00e1 lo proteja) es designado y presentado como el tercer l\u00edder del sagrado sistema de la Rep\u00fablica Isl\u00e1mica de Ir\u00e1n, basado en el voto decisivo de los respetados representantes de la Asamblea de Expertos\u201d.<\/p>\n<p>La decisi\u00f3n se produce en el momento m\u00e1s cr\u00edtico para el r\u00e9gimen desde la revoluci\u00f3n de 1979, tras la confirmaci\u00f3n de la muerte de su padre en la ofensiva lanzada por Estados Unidos e Israel.<\/p>\n<p>Cabe se\u00f1alar que el liderazgo supremo tiene importancia central en la rep\u00fablica isl\u00e1mica, ya que otorga el control sobre las fuerzas armadas, la pol\u00edtica exterior y el sistema judicial.<\/p>\n<h2 class=\"article-body__heading-h2\"><strong>Trump amenaz\u00f3 al nuevo l\u00edder supremo de Ir\u00e1n<\/strong><\/h2>\n<p class=\"article-body__paragraph\">El presidente los Estados Unidos,\u00a0Donald Trump, afirm\u00f3 este domingo que\u00a0el pr\u00f3ximo l\u00edder supremo de Ir\u00e1n \u201cno durar\u00e1 mucho\u201d en su cargo si es que no cuenta con su aprobaci\u00f3n. Asimismo, insisti\u00f3 en que las operaciones militares en la naci\u00f3n isl\u00e1mica continuar\u00e1n y avanzan seg\u00fan lo previsto.<\/p>\n<p class=\"article-body__paragraph\">\u201cTendr\u00e1 que obtener nuestra aprobaci\u00f3n\u201d, fueron las palabras elegidas por el mandatario republicano durante una entrevista con la cadena\u00a0<i>ABC News<\/i>. Y agreg\u00f3:\u00a0\u201cSi no la obtiene, no durar\u00e1 mucho\u201d.<\/p>\n<p class=\"article-body__paragraph\">Trump tambi\u00e9n destac\u00f3 que su objetivo \u201cno es tener que volver atr\u00e1s cada 10 a\u00f1os\u201d.<\/p>\n<h2 class=\"article-body__heading-h2\"><strong>Desaf\u00edos inmediatos del nuevo L\u00edder Supremo<\/strong><\/h2>\n<p class=\"article-body__paragraph\">Mojtaba asume el mando con el pa\u00eds con una\u00a0econom\u00eda asfixiada, enfrentando retos que definir\u00e1n la supervivencia del r\u00e9gimen. Deber\u00e1 coordinar la respuesta contra los\u00a0objetivos de EEUU, Israel y ahora potencialmente aliados europeos.<\/p>\n<p class=\"article-body__paragraph\">Tambi\u00e9n se enfrenta a la tarea deevitar fracturas en el estamento clericalque cuestionen la legitimidad de una sucesi\u00f3n \u201cdin\u00e1stica<strong>\u201d<\/strong>, adem\u00e1s de gestionar el colapso log\u00edstico derivado del cierre del espacio a\u00e9reo y la destrucci\u00f3n de centros de mando.<\/p>\n","protected":false},"excerpt":{"rendered":"<p>El hijo del recientemente asesinado Gu\u00eda Supremo asume el poder en el momento m\u00e1s cr\u00edtico del r\u00e9gimen. Su designaci\u00f3n deja a la vista la continuidad de la dinast\u00eda religiosa y la consolidaci\u00f3n del sector conservador dentro del aparato estatal. La Asamblea de Expertos design\u00f3 oficialmente a Mojtaba Jamenei, hijo del fallecido ayatol\u00e1 Ali Jamenei, como [&hellip;]<\/p>\n","protected":false},"author":2,"featured_media":7738,"comment_status":"open","ping_status":"open","sticky":false,"template":"","format":"standard","meta":{"footnotes":""},"categories":[70],"tags":[],"class_list":{"0":"post-7737","1":"post","2":"type-post","3":"status-publish","4":"format-standard","5":"has-post-thumbnail","7":"category-mundo"},"_links":{"self":[{"href":"https:\/\/elpueblonoticia.com.ar\/web\/wp-json\/wp\/v2\/posts\/7737","targetHints":{"allow":["GET"]}}],"collection":[{"href":"https:\/\/elpueblonoticia.com.ar\/web\/wp-json\/wp\/v2\/posts"}],"about":[{"href":"https:\/\/elpueblonoticia.com.ar\/web\/wp-json\/wp\/v2\/types\/post"}],"author":[{"embeddable":true,"href":"https:\/\/elpueblonoticia.com.ar\/web\/wp-json\/wp\/v2\/users\/2"}],"replies":[{"embeddable":true,"href":"https:\/\/elpueblonoticia.com.ar\/web\/wp-json\/wp\/v2\/comments?post=7737"}],"version-history":[{"count":1,"href":"https:\/\/elpueblonoticia.com.ar\/web\/wp-json\/wp\/v2\/posts\/7737\/revisions"}],"predecessor-version":[{"id":7739,"href":"https:\/\/elpueblonoticia.com.ar\/web\/wp-json\/wp\/v2\/posts\/7737\/revisions\/7739"}],"wp:featuredmedia":[{"embeddable":true,"href":"https:\/\/elpueblonoticia.com.ar\/web\/wp-json\/wp\/v2\/media\/7738"}],"wp:attachment":[{"href":"https:\/\/elpueblonoticia.com.ar\/web\/wp-json\/wp\/v2\/media?parent=7737"}],"wp:term":[{"taxonomy":"category","embeddable":true,"href":"https:\/\/elpueblonoticia.com.ar\/web\/wp-json\/wp\/v2\/categories?post=7737"},{"taxonomy":"post_tag","embeddable":true,"href":"https:\/\/elpueblonoticia.com.ar\/web\/wp-json\/wp\/v2\/tags?post=7737"}],"curies":[{"name":"wp","href":"https:\/\/api.w.org\/{rel}","templated":true}]}}