{"id":7728,"date":"2026-03-10T14:03:56","date_gmt":"2026-03-10T17:03:56","guid":{"rendered":"https:\/\/elpueblonoticia.com.ar\/web\/?p=7728"},"modified":"2026-03-10T14:03:56","modified_gmt":"2026-03-10T17:03:56","slug":"conferencia-depprensa-presentaran-jornada-de-capacitacion-profesional-sobre-autismo-en-goya","status":"publish","type":"post","link":"https:\/\/elpueblonoticia.com.ar\/web\/2026\/03\/10\/conferencia-depprensa-presentaran-jornada-de-capacitacion-profesional-sobre-autismo-en-goya\/","title":{"rendered":"Conferencia dePprensa: Presentar\u00e1n jornada de capacitaci\u00f3n profesional sobre autismo en Goya"},"content":{"rendered":"<p>La Municipalidad de Goya invita a periodistas y comunicadores a participar de la conferencia de prensa que se realizar\u00e1 este martes 10 de marzo a las 11 horas en el Sal\u00f3n de Acuerdos del municipio, donde se brindar\u00e1n detalles sobre una importante jornada de capacitaci\u00f3n profesional vinculada al autismo.<\/p>\n<p>Durante el encuentro con los medios se presentar\u00e1 la propuesta \u201cDi\u00e1logos Abiertos: T\u00e9 Familiar\u201d, una iniciativa que estar\u00e1 a cargo del doctor Daniel Valdez, orientada a generar espacios de formaci\u00f3n, intercambio y acompa\u00f1amiento en torno al abordaje del autismo.<\/p>\n<p>Desde la Municipalidad se extiende la invitaci\u00f3n a los trabajadores de prensa a realizar la cobertura del encuentro informativo, donde se brindar\u00e1n detalles sobre el desarrollo de esta actividad formativa y su importancia para la comunidad.<\/p>\n","protected":false},"excerpt":{"rendered":"<p>La Municipalidad de Goya invita a periodistas y comunicadores a participar de la conferencia de prensa que se realizar\u00e1 este martes 10 de marzo a las 11 horas en el Sal\u00f3n de Acuerdos del municipio, donde se brindar\u00e1n detalles sobre una importante jornada de capacitaci\u00f3n profesional vinculada al autismo. Durante el encuentro con los medios [&hellip;]<\/p>\n","protected":false},"author":2,"featured_media":7729,"comment_status":"open","ping_status":"open","sticky":false,"template":"","format":"standard","meta":{"footnotes":""},"categories":[56],"tags":[],"class_list":{"0":"post-7728","1":"post","2":"type-post","3":"status-publish","4":"format-standard","5":"has-post-thumbnail","7":"category-locales"},"_links":{"self":[{"href":"https:\/\/elpueblonoticia.com.ar\/web\/wp-json\/wp\/v2\/posts\/7728","targetHints":{"allow":["GET"]}}],"collection":[{"href":"https:\/\/elpueblonoticia.com.ar\/web\/wp-json\/wp\/v2\/posts"}],"about":[{"href":"https:\/\/elpueblonoticia.com.ar\/web\/wp-json\/wp\/v2\/types\/post"}],"author":[{"embeddable":true,"href":"https:\/\/elpueblonoticia.com.ar\/web\/wp-json\/wp\/v2\/users\/2"}],"replies":[{"embeddable":true,"href":"https:\/\/elpueblonoticia.com.ar\/web\/wp-json\/wp\/v2\/comments?post=7728"}],"version-history":[{"count":1,"href":"https:\/\/elpueblonoticia.com.ar\/web\/wp-json\/wp\/v2\/posts\/7728\/revisions"}],"predecessor-version":[{"id":7730,"href":"https:\/\/elpueblonoticia.com.ar\/web\/wp-json\/wp\/v2\/posts\/7728\/revisions\/7730"}],"wp:featuredmedia":[{"embeddable":true,"href":"https:\/\/elpueblonoticia.com.ar\/web\/wp-json\/wp\/v2\/media\/7729"}],"wp:attachment":[{"href":"https:\/\/elpueblonoticia.com.ar\/web\/wp-json\/wp\/v2\/media?parent=7728"}],"wp:term":[{"taxonomy":"category","embeddable":true,"href":"https:\/\/elpueblonoticia.com.ar\/web\/wp-json\/wp\/v2\/categories?post=7728"},{"taxonomy":"post_tag","embeddable":true,"href":"https:\/\/elpueblonoticia.com.ar\/web\/wp-json\/wp\/v2\/tags?post=7728"}],"curies":[{"name":"wp","href":"https:\/\/api.w.org\/{rel}","templated":true}]}}