{"id":7721,"date":"2026-03-10T13:59:49","date_gmt":"2026-03-10T16:59:49","guid":{"rendered":"https:\/\/elpueblonoticia.com.ar\/web\/?p=7721"},"modified":"2026-03-10T13:59:49","modified_gmt":"2026-03-10T16:59:49","slug":"8m-invitan-a-charla-abierta-sobre-prevencion-y-acompanamiento-ante-situaciones-de-vulnerabilidad","status":"publish","type":"post","link":"https:\/\/elpueblonoticia.com.ar\/web\/2026\/03\/10\/8m-invitan-a-charla-abierta-sobre-prevencion-y-acompanamiento-ante-situaciones-de-vulnerabilidad\/","title":{"rendered":"8m: invitan a charla abierta sobre prevenci\u00f3n y acompa\u00f1amiento ante situaciones de vulnerabilidad"},"content":{"rendered":"<p>En el marco de las actividades conmemorativas por el D\u00eda Internacional de la Mujer (8M), el Centro Regional Goya invita a la comunidad a participar de una charla abierta que contar\u00e1 con la participaci\u00f3n de la Comisar\u00eda de la Mujer, espacio que brindar\u00e1 herramientas de orientaci\u00f3n y apoyo para situaciones de vulnerabilidad.<\/p>\n<p>La propuesta tiene como objetivo generar un \u00e1mbito de reflexi\u00f3n, informaci\u00f3n y acompa\u00f1amiento para toda la comunidad, promoviendo el acceso a herramientas que permitan prevenir, identificar y actuar ante diferentes situaciones de vulnerabilidad.<\/p>\n<p>Desde la organizaci\u00f3n destacan la importancia de estos espacios de encuentro y aprendizaje, se\u00f1alando que \u201cla informaci\u00f3n es nuestra mejor herramienta de prevenci\u00f3n\u201d, subrayando adem\u00e1s que conocer los derechos fortalece a las mujeres y permite actuar con mayor seguridad ante situaciones complejas.<\/p>\n<p>En ese sentido, tambi\u00e9n remarcan la relevancia de pedir ayuda a tiempo, ya que puede resultar determinante para abordar y superar circunstancias dif\u00edciles.<\/p>\n<p>La actividad busca convertirse en un espacio de reflexi\u00f3n y compromiso comunitario, donde se compartan conocimientos, se promueva la conciencia social y se fortalezca la red de acompa\u00f1amiento y contenci\u00f3n.<\/p>\n<p>La charla se realizar\u00e1 el mi\u00e9rcoles 11 de marzo a las 19 horas en el Centro Regional Goya, ubicado en Col\u00f3n 538, y est\u00e1 destinada a toda la comunidad interesada en informarse, reflexionar y fortalecer herramientas de prevenci\u00f3n y apoyo.<\/p>\n","protected":false},"excerpt":{"rendered":"<p>En el marco de las actividades conmemorativas por el D\u00eda Internacional de la Mujer (8M), el Centro Regional Goya invita a la comunidad a participar de una charla abierta que contar\u00e1 con la participaci\u00f3n de la Comisar\u00eda de la Mujer, espacio que brindar\u00e1 herramientas de orientaci\u00f3n y apoyo para situaciones de vulnerabilidad. La propuesta tiene [&hellip;]<\/p>\n","protected":false},"author":2,"featured_media":7722,"comment_status":"open","ping_status":"open","sticky":false,"template":"","format":"standard","meta":{"footnotes":""},"categories":[56],"tags":[],"class_list":{"0":"post-7721","1":"post","2":"type-post","3":"status-publish","4":"format-standard","5":"has-post-thumbnail","7":"category-locales"},"_links":{"self":[{"href":"https:\/\/elpueblonoticia.com.ar\/web\/wp-json\/wp\/v2\/posts\/7721","targetHints":{"allow":["GET"]}}],"collection":[{"href":"https:\/\/elpueblonoticia.com.ar\/web\/wp-json\/wp\/v2\/posts"}],"about":[{"href":"https:\/\/elpueblonoticia.com.ar\/web\/wp-json\/wp\/v2\/types\/post"}],"author":[{"embeddable":true,"href":"https:\/\/elpueblonoticia.com.ar\/web\/wp-json\/wp\/v2\/users\/2"}],"replies":[{"embeddable":true,"href":"https:\/\/elpueblonoticia.com.ar\/web\/wp-json\/wp\/v2\/comments?post=7721"}],"version-history":[{"count":1,"href":"https:\/\/elpueblonoticia.com.ar\/web\/wp-json\/wp\/v2\/posts\/7721\/revisions"}],"predecessor-version":[{"id":7723,"href":"https:\/\/elpueblonoticia.com.ar\/web\/wp-json\/wp\/v2\/posts\/7721\/revisions\/7723"}],"wp:featuredmedia":[{"embeddable":true,"href":"https:\/\/elpueblonoticia.com.ar\/web\/wp-json\/wp\/v2\/media\/7722"}],"wp:attachment":[{"href":"https:\/\/elpueblonoticia.com.ar\/web\/wp-json\/wp\/v2\/media?parent=7721"}],"wp:term":[{"taxonomy":"category","embeddable":true,"href":"https:\/\/elpueblonoticia.com.ar\/web\/wp-json\/wp\/v2\/categories?post=7721"},{"taxonomy":"post_tag","embeddable":true,"href":"https:\/\/elpueblonoticia.com.ar\/web\/wp-json\/wp\/v2\/tags?post=7721"}],"curies":[{"name":"wp","href":"https:\/\/api.w.org\/{rel}","templated":true}]}}