{"id":7716,"date":"2026-03-10T12:26:53","date_gmt":"2026-03-10T15:26:53","guid":{"rendered":"https:\/\/elpueblonoticia.com.ar\/web\/?p=7716"},"modified":"2026-03-10T14:16:46","modified_gmt":"2026-03-10T17:16:46","slug":"la-pc-organiza-iii-congreso-provincial-de-periodistas-trabajadores-de-prensa-y-de-la-comunicacion","status":"publish","type":"post","link":"https:\/\/elpueblonoticia.com.ar\/web\/2026\/03\/10\/la-pc-organiza-iii-congreso-provincial-de-periodistas-trabajadores-de-prensa-y-de-la-comunicacion\/","title":{"rendered":"La APC organiza III congreso provincial de periodistas, trabajadores de prensa y de la comunicaci\u00f3n"},"content":{"rendered":"<div>\n<p>El pr\u00f3ximo 28 de marzo periodistas de toda la provincia se reunir\u00e1n en Paso de la Patria para analizar tem\u00e1ticas que corresponden a la profesi\u00f3n. La Comisi\u00f3n Directiva propondr\u00e1 dialogar sobre crisis laboral y salarial poniendo especial atenci\u00f3n en las modificaciones realizadas a las leyes actuales, tanto de trabajo como en la ley madre de nuestro sector que fue derogada por el Poder Legislativo.<\/p>\n<p>Esta situaci\u00f3n ha sido totalmente infame para los trabajadores de prensa, ya que deja a los periodistas y comunicadores sin una cobertura legal, mientras que a la comunidad en general, sin posibilidad de contar con un periodismo imparcial y con honestidad intelectual. Se trata de un claro ataque a la libertad de expresi\u00f3n y es una clara muestra de una intolerancia autoritaria por parte del actual Gobierno Nacional.<\/p>\n<p>En este encuentro, previsto entre las 9 y 13 horas del s\u00e1bado 28 de marzo, se debatir\u00e1, analizar\u00e1 y se buscar\u00e1 una salida a esta situaci\u00f3n de injusticia, al tiempo que servir\u00e1 para sacar conclusiones sobre posibles aportes para una nueva ley que regule los servicios y el trabajo de la prensa en la Argentina.<\/p>\n<p><strong>TEMAS A TRATAR:<\/strong><\/p>\n<p>La Comisi\u00f3n Directiva encabezada por el licenciado Diego Miner, coincidi\u00f3 en la necesidad de atacar estos puntos, reflexionar y analizar la situaci\u00f3n de la tarea de informar a la sociedad, ante el avance de las nuevas tecnolog\u00edas. C\u00f3mo nos afecta la Reforma Laboral. Aportes para modernizar el Estatuto del Periodista. Nuevas tecnolog\u00edas y modernizaci\u00f3n. Una profesi\u00f3n digital. Regulaci\u00f3n de las nuevas plataformas y medios de difusi\u00f3n digitales. La Apat\u00eda en el Sector. Volver a las acciones colectivas.<\/p>\n<p>Este encuentro provincial espera contar con la presencia de los trabajadores de prensa de todo el territorio provincial.<\/p>\n<p>La convocatoria es abierta, libre y gratuita. Ser\u00e1 una jornada extendida donde se contar\u00e1 con paneles con reconocidos periodistas del medio, con debates abiertos y un espacio para trabajar la realidad de cada distrito de la provincia. Las inscripciones e inquietudes se podr\u00e1n realizar v\u00eda<\/p>\n<p>Facebook APC Periodistas Corrientes y a los Cel: 3794- 407777 y 3794-229488<\/p>\n<p><strong>Formulario de inscripci\u00f3n<\/strong>:\u00a0<a href=\"https:\/\/forms.gle\/qgJXvbmz61wdNogC8\" data-saferedirecturl=\"&lt;a href=\">https:\/\/www.google.com\/url?q=https<\/a>:\/\/forms.gle\/qgJXvbmz61wdNogC8&amp;source=gmail&amp;ust=1773161159462000&amp;usg=AOvVaw2t6knmue1nu6ZcliTJy7D2&#8243;&gt;<a href=\"https:\/\/forms.gle\/qgJXvbmz61wdNogC8\">https:\/\/forms.gle\/qgJXvbmz61wdNogC8<\/a><\/p>\n<\/div>\n<div class=\"s2s_supra_contenedor lang_directon_right s2sdefault align_left s2s_balloon_bottom \">\n<div class=\"s2s_contenedor s2s_no_text s2s-btn-group\">\n<div class=\"s2s_twitter s2s_btn s2s-btn-xs \">\n<p>&nbsp;<\/p>\n<div class=\"globo s2s_globo_closed s2s_twitter_iframe\">\n<div class=\"s2s_flecha\"><\/div>\n<\/div>\n<\/div>\n<div class=\"s2s_facebook s2s_btn s2s-btn-xs \">\n<p>&nbsp;<\/p>\n<div class=\"globo s2s_globo_closed s2s_facebook_iframe\">\n<div class=\"s2s_flecha\"><\/div>\n<div id=\"fb-root\"><\/div>\n<\/div>\n<\/div>\n<div class=\"s2s_wapp s2s_btn s2s-btn-xs \">\n<p>&nbsp;<\/p>\n<div class=\"globo s2s_globo_closed s2s_wapp_iframe\">\n<div class=\"s2s_flecha\"><\/div>\n<p>&nbsp;<\/p>\n<\/div>\n<\/div>\n<\/div>\n<div class=\"s2s_credits_wrapper\"><\/div>\n<\/div>\n","protected":false},"excerpt":{"rendered":"<p>El pr\u00f3ximo 28 de marzo periodistas de toda la provincia se reunir\u00e1n en Paso de la Patria para analizar tem\u00e1ticas que corresponden a la profesi\u00f3n. La Comisi\u00f3n Directiva propondr\u00e1 dialogar sobre crisis laboral y salarial poniendo especial atenci\u00f3n en las modificaciones realizadas a las leyes actuales, tanto de trabajo como en la ley madre de [&hellip;]<\/p>\n","protected":false},"author":2,"featured_media":7717,"comment_status":"open","ping_status":"open","sticky":false,"template":"","format":"standard","meta":{"footnotes":""},"categories":[56],"tags":[],"class_list":{"0":"post-7716","1":"post","2":"type-post","3":"status-publish","4":"format-standard","5":"has-post-thumbnail","7":"category-locales"},"_links":{"self":[{"href":"https:\/\/elpueblonoticia.com.ar\/web\/wp-json\/wp\/v2\/posts\/7716","targetHints":{"allow":["GET"]}}],"collection":[{"href":"https:\/\/elpueblonoticia.com.ar\/web\/wp-json\/wp\/v2\/posts"}],"about":[{"href":"https:\/\/elpueblonoticia.com.ar\/web\/wp-json\/wp\/v2\/types\/post"}],"author":[{"embeddable":true,"href":"https:\/\/elpueblonoticia.com.ar\/web\/wp-json\/wp\/v2\/users\/2"}],"replies":[{"embeddable":true,"href":"https:\/\/elpueblonoticia.com.ar\/web\/wp-json\/wp\/v2\/comments?post=7716"}],"version-history":[{"count":2,"href":"https:\/\/elpueblonoticia.com.ar\/web\/wp-json\/wp\/v2\/posts\/7716\/revisions"}],"predecessor-version":[{"id":7746,"href":"https:\/\/elpueblonoticia.com.ar\/web\/wp-json\/wp\/v2\/posts\/7716\/revisions\/7746"}],"wp:featuredmedia":[{"embeddable":true,"href":"https:\/\/elpueblonoticia.com.ar\/web\/wp-json\/wp\/v2\/media\/7717"}],"wp:attachment":[{"href":"https:\/\/elpueblonoticia.com.ar\/web\/wp-json\/wp\/v2\/media?parent=7716"}],"wp:term":[{"taxonomy":"category","embeddable":true,"href":"https:\/\/elpueblonoticia.com.ar\/web\/wp-json\/wp\/v2\/categories?post=7716"},{"taxonomy":"post_tag","embeddable":true,"href":"https:\/\/elpueblonoticia.com.ar\/web\/wp-json\/wp\/v2\/tags?post=7716"}],"curies":[{"name":"wp","href":"https:\/\/api.w.org\/{rel}","templated":true}]}}