{"id":7711,"date":"2026-03-09T14:42:43","date_gmt":"2026-03-09T17:42:43","guid":{"rendered":"https:\/\/elpueblonoticia.com.ar\/web\/?p=7711"},"modified":"2026-03-09T14:42:43","modified_gmt":"2026-03-09T17:42:43","slug":"el-gobierno-reglamento-el-nuevo-regimen-penal-juvenil-las-claves-de-la-nueva-ley","status":"publish","type":"post","link":"https:\/\/elpueblonoticia.com.ar\/web\/2026\/03\/09\/el-gobierno-reglamento-el-nuevo-regimen-penal-juvenil-las-claves-de-la-nueva-ley\/","title":{"rendered":"El gobierno reglament\u00f3 el nuevo r\u00e9gimen penal juvenil: Las claves de la nueva ley"},"content":{"rendered":"<p>La nueva legislaci\u00f3n baja la edad de imputabilidad a 14 a\u00f1os, aunque combina sanciones judiciales con medidas educativas y de reinserci\u00f3n social. Entrar\u00e1 en plena vigencia en los pr\u00f3ximos 180 d\u00edas. \u00bfDe cu\u00e1ntos a\u00f1os ser\u00e1 la nueva pena m\u00e1xima para los menores?<\/p>\n<p>El Gobierno promulg\u00f3 el nuevo R\u00e9gimen Penal Juvenil, que baja la edad de imputabilidad a 14 a\u00f1os, aunque combina sanciones judiciales con medidas educativas y de reinserci\u00f3n social. Entrar\u00e1 en plena vigencia en los pr\u00f3ximos 180 d\u00edas.<\/p>\n<p>La ley fue publicada este lunes en el Bolet\u00edn Oficial bajo el n\u00famero 27.801, con la firma de la titular del Senado, Victoria Villarruel; del presidente de la C\u00e1mara de Diputados, Mart\u00edn Menem; y de los secretarios parlamentarios de ambas c\u00e1maras, Agust\u00edn Giustinian y Adri\u00e1n Pag\u00e1n, respectivamente.<\/p>\n<p>La normativa tambi\u00e9n establece que los adolescentes detenidos no podr\u00e1n ser alojados junto a adultos y que los centros de detenci\u00f3n deber\u00e1n contar con personal capacitado para el tratamiento de j\u00f3venes en conflicto con la ley penal. Asimismo, invita a las provincias y a la Ciudad de Buenos Aires a adaptar sus legislaciones al nuevo sistema y fija que el Poder Ejecutivo nacional deber\u00e1 supervisar su implementaci\u00f3n en coordinaci\u00f3n con las distintas jurisdicciones del pa\u00eds.<\/p>\n<h2><strong>R\u00e9gimen Penal Juvenil: las claves de la nueva ley<\/strong><\/h2>\n<ul>\n<li>Imputabilidad desde los 14 a\u00f1os: la normativa establece que los adolescentes ser\u00e1n penalmente responsables a partir de esa edad cuando est\u00e9n acusados de delitos contemplados en el C\u00f3digo Penal o en leyes penales especiales.<\/li>\n<li>Derogaci\u00f3n del r\u00e9gimen vigente desde 1980: la ley elimina la normativa 22.278, que regulaba la responsabilidad penal de menores desde la \u00faltima dictadura militar, y crea un sistema actualizado de justicia juvenil.<\/li>\n<li>Entrada en vigencia en 180 d\u00edas: el texto fija un plazo de seis meses para que el sistema judicial y los organismos involucrados adapten sus estructuras antes de la implementaci\u00f3n plena del r\u00e9gimen.<\/li>\n<li>Enfoque en educaci\u00f3n y reinserci\u00f3n social: el nuevo esquema establece que las sanciones deben orientarse a la formaci\u00f3n del adolescente, a la comprensi\u00f3n del delito cometido y a reducir el riesgo de reincidencia.<\/li>\n<li>Amplio abanico de sanciones alternativas: la ley contempla medidas no privativas de libertad como servicios comunitarios, programas educativos, capacitaci\u00f3n laboral, tratamientos m\u00e9dicos o psicol\u00f3gicos, monitoreo electr\u00f3nico, prohibici\u00f3n de acercamiento a la v\u00edctima y restricciones para asistir a determinados lugares.<\/li>\n<li>La prisi\u00f3n como \u00faltima instancia: la privaci\u00f3n de la libertad se establece como una medida excepcional y podr\u00e1 cumplirse en el domicilio del adolescente, en institutos abiertos o en centros especializados.<\/li>\n<li>Prohibici\u00f3n de prisi\u00f3n perpetua: el r\u00e9gimen establece que los menores no podr\u00e1n recibir penas de prisi\u00f3n perpetua o reclusi\u00f3n perpetua y fija un m\u00e1ximo de 15 a\u00f1os de privaci\u00f3n de libertad.<\/li>\n<li>Mediaci\u00f3n penal juvenil: la norma incorpora un mecanismo voluntario y confidencial que permite resolver ciertos conflictos mediante acuerdos entre la v\u00edctima y el adolescente imputado.<\/li>\n<li>Suspensi\u00f3n del proceso a prueba: en delitos de menor gravedad, los jueces podr\u00e1n aplicar la probation, que permite suspender el proceso si el joven cumple determinadas condiciones, como reparar el da\u00f1o o realizar tareas comunitarias.<\/li>\n<li>Protecci\u00f3n de la identidad del adolescente: la ley refuerza la reserva del proceso penal juvenil y proh\u00edbe difundir datos que permitan identificar a los menores involucrados.<\/li>\n<\/ul>\n","protected":false},"excerpt":{"rendered":"<p>La nueva legislaci\u00f3n baja la edad de imputabilidad a 14 a\u00f1os, aunque combina sanciones judiciales con medidas educativas y de reinserci\u00f3n social. Entrar\u00e1 en plena vigencia en los pr\u00f3ximos 180 d\u00edas. \u00bfDe cu\u00e1ntos a\u00f1os ser\u00e1 la nueva pena m\u00e1xima para los menores? El Gobierno promulg\u00f3 el nuevo R\u00e9gimen Penal Juvenil, que baja la edad de [&hellip;]<\/p>\n","protected":false},"author":2,"featured_media":7712,"comment_status":"open","ping_status":"open","sticky":false,"template":"","format":"standard","meta":{"footnotes":""},"categories":[64],"tags":[],"class_list":{"0":"post-7711","1":"post","2":"type-post","3":"status-publish","4":"format-standard","5":"has-post-thumbnail","7":"category-nacionales"},"_links":{"self":[{"href":"https:\/\/elpueblonoticia.com.ar\/web\/wp-json\/wp\/v2\/posts\/7711","targetHints":{"allow":["GET"]}}],"collection":[{"href":"https:\/\/elpueblonoticia.com.ar\/web\/wp-json\/wp\/v2\/posts"}],"about":[{"href":"https:\/\/elpueblonoticia.com.ar\/web\/wp-json\/wp\/v2\/types\/post"}],"author":[{"embeddable":true,"href":"https:\/\/elpueblonoticia.com.ar\/web\/wp-json\/wp\/v2\/users\/2"}],"replies":[{"embeddable":true,"href":"https:\/\/elpueblonoticia.com.ar\/web\/wp-json\/wp\/v2\/comments?post=7711"}],"version-history":[{"count":1,"href":"https:\/\/elpueblonoticia.com.ar\/web\/wp-json\/wp\/v2\/posts\/7711\/revisions"}],"predecessor-version":[{"id":7713,"href":"https:\/\/elpueblonoticia.com.ar\/web\/wp-json\/wp\/v2\/posts\/7711\/revisions\/7713"}],"wp:featuredmedia":[{"embeddable":true,"href":"https:\/\/elpueblonoticia.com.ar\/web\/wp-json\/wp\/v2\/media\/7712"}],"wp:attachment":[{"href":"https:\/\/elpueblonoticia.com.ar\/web\/wp-json\/wp\/v2\/media?parent=7711"}],"wp:term":[{"taxonomy":"category","embeddable":true,"href":"https:\/\/elpueblonoticia.com.ar\/web\/wp-json\/wp\/v2\/categories?post=7711"},{"taxonomy":"post_tag","embeddable":true,"href":"https:\/\/elpueblonoticia.com.ar\/web\/wp-json\/wp\/v2\/tags?post=7711"}],"curies":[{"name":"wp","href":"https:\/\/api.w.org\/{rel}","templated":true}]}}