{"id":7708,"date":"2026-03-09T14:40:17","date_gmt":"2026-03-09T17:40:17","guid":{"rendered":"https:\/\/elpueblonoticia.com.ar\/web\/?p=7708"},"modified":"2026-03-09T14:40:17","modified_gmt":"2026-03-09T17:40:17","slug":"sorpresa-irak-pidio-a-la-fifa-suspender-su-repechaje-rumbo-al-mundial-2026","status":"publish","type":"post","link":"https:\/\/elpueblonoticia.com.ar\/web\/2026\/03\/09\/sorpresa-irak-pidio-a-la-fifa-suspender-su-repechaje-rumbo-al-mundial-2026\/","title":{"rendered":"Sorpresa: Irak pidi\u00f3 a la fifa suspender su repechaje rumbo al mundial 2026"},"content":{"rendered":"<p>El cierre del espacio a\u00e9reo, los riesgos de seguridad y problemas con visas complican la log\u00edstica del plantel en medio del conflicto en Medio Oriente.<\/p>\n<p>La clasificaci\u00f3n al pr\u00f3ximo Mundial 2026 atraviesa un episodio inesperado y cargado de tensi\u00f3n geopol\u00edtica. La Federaci\u00f3n Iraqu\u00ed de F\u00fatbol (FIF) present\u00f3 un pedido formal ante la FIFA para aplazar el encuentro de repechaje que su selecci\u00f3n deb\u00eda disputar el 31 de marzo en Monterrey, M\u00e9xico. La solicitud se fundamenta en una compleja situaci\u00f3n log\u00edstica y de seguridad provocada por el conflicto militar que involucra a Estados Unidos e Israel contra Ir\u00e1n, escenario que afecta directamente a varios pa\u00edses de la regi\u00f3n.<\/p>\n<p>El principal obst\u00e1culo que enfrenta el combinado iraqu\u00ed es el cierre del espacio a\u00e9reo del pa\u00eds, una decisi\u00f3n confirmada por el Ministerio de Transporte local. Esta medida impide que buena parte del plantel pueda abandonar Bagdad por v\u00eda a\u00e9rea, lo que paraliz\u00f3 completamente los planes de viaje del equipo nacional. Seg\u00fan se inform\u00f3, aproximadamente la mitad de los jugadores se encuentra en la capital iraqu\u00ed sin posibilidad de trasladarse para reunirse con el resto del grupo.<\/p>\n<p>La situaci\u00f3n tambi\u00e9n afecta al cuerpo t\u00e9cnico. El entrenador australiano Graham Arnold permanece en Dub\u00e1i, sin poder ingresar a Irak para trabajar con sus dirigidos. Esta imposibilidad de reunir al plantel complica cualquier intento de preparaci\u00f3n para un partido decisivo en el camino hacia la Copa del Mundo.<\/p>\n<p>Frente a este escenario, la FIFA propuso una alternativa para resolver el problema log\u00edstico: que la delegaci\u00f3n realizara un largo traslado por tierra hacia Turqu\u00eda para luego viajar en avi\u00f3n desde Estambul rumbo a M\u00e9xico. Sin embargo, la idea fue rechazada de manera contundente por la federaci\u00f3n iraqu\u00ed y por el propio entrenador del equipo.<\/p>\n<p>El recorrido implicar\u00eda aproximadamente 25 horas de viaje por carretera atravesando el norte del pa\u00eds, una zona considerada de alto riesgo por los recientes ataques con drones registrados en el marco del conflicto armado. Arnold fue claro al expresar su postura ante la federaci\u00f3n y descart\u00f3 esa posibilidad por completo, priorizando la seguridad de los futbolistas. Seg\u00fan trascendi\u00f3, el t\u00e9cnico dej\u00f3 en claro que no autorizar\u00e1 un traslado de esas caracter\u00edsticas mientras no existan garant\u00edas reales para la integridad del plantel.<\/p>\n<p>A la crisis de transporte se suman problemas burocr\u00e1ticos que complican a\u00fan m\u00e1s el panorama. Varios jugadores y miembros del cuerpo t\u00e9cnico todav\u00eda no obtuvieron las visas necesarias para ingresar a M\u00e9xico ni a Estados Unidos, pa\u00eds donde estaba previsto realizar una concentraci\u00f3n previa en la ciudad de Houston como parte de la preparaci\u00f3n para el repechaje.<\/p>\n<p>Ante este panorama, la federaci\u00f3n iraqu\u00ed presiona para que la FIFA tome una decisi\u00f3n en los pr\u00f3ximos d\u00edas y defina el futuro del partido. La urgencia responde a la necesidad de reorganizar el calendario y evitar que el equipo quede en desventaja deportiva frente a su rival.<\/p>\n<p>En paralelo, existe otro elemento que podr\u00eda modificar por completo el escenario clasificatorio. En caso de que Ir\u00e1n decida retirarse del Mundial debido a la guerra, Irak aparece como el principal candidato a ocupar ese lugar, ya que es el equipo mejor ubicado en el ranking de la Confederaci\u00f3n Asi\u00e1tica de F\u00fatbol entre los seleccionados que a\u00fan no obtuvieron su boleto. Mientras tanto, el futuro del repechaje permanece rodeado de incertidumbre.<\/p>\n","protected":false},"excerpt":{"rendered":"<p>El cierre del espacio a\u00e9reo, los riesgos de seguridad y problemas con visas complican la log\u00edstica del plantel en medio del conflicto en Medio Oriente. La clasificaci\u00f3n al pr\u00f3ximo Mundial 2026 atraviesa un episodio inesperado y cargado de tensi\u00f3n geopol\u00edtica. La Federaci\u00f3n Iraqu\u00ed de F\u00fatbol (FIF) present\u00f3 un pedido formal ante la FIFA para aplazar [&hellip;]<\/p>\n","protected":false},"author":2,"featured_media":7709,"comment_status":"open","ping_status":"open","sticky":false,"template":"","format":"standard","meta":{"footnotes":""},"categories":[76],"tags":[],"class_list":{"0":"post-7708","1":"post","2":"type-post","3":"status-publish","4":"format-standard","5":"has-post-thumbnail","7":"category-deportes"},"_links":{"self":[{"href":"https:\/\/elpueblonoticia.com.ar\/web\/wp-json\/wp\/v2\/posts\/7708","targetHints":{"allow":["GET"]}}],"collection":[{"href":"https:\/\/elpueblonoticia.com.ar\/web\/wp-json\/wp\/v2\/posts"}],"about":[{"href":"https:\/\/elpueblonoticia.com.ar\/web\/wp-json\/wp\/v2\/types\/post"}],"author":[{"embeddable":true,"href":"https:\/\/elpueblonoticia.com.ar\/web\/wp-json\/wp\/v2\/users\/2"}],"replies":[{"embeddable":true,"href":"https:\/\/elpueblonoticia.com.ar\/web\/wp-json\/wp\/v2\/comments?post=7708"}],"version-history":[{"count":1,"href":"https:\/\/elpueblonoticia.com.ar\/web\/wp-json\/wp\/v2\/posts\/7708\/revisions"}],"predecessor-version":[{"id":7710,"href":"https:\/\/elpueblonoticia.com.ar\/web\/wp-json\/wp\/v2\/posts\/7708\/revisions\/7710"}],"wp:featuredmedia":[{"embeddable":true,"href":"https:\/\/elpueblonoticia.com.ar\/web\/wp-json\/wp\/v2\/media\/7709"}],"wp:attachment":[{"href":"https:\/\/elpueblonoticia.com.ar\/web\/wp-json\/wp\/v2\/media?parent=7708"}],"wp:term":[{"taxonomy":"category","embeddable":true,"href":"https:\/\/elpueblonoticia.com.ar\/web\/wp-json\/wp\/v2\/categories?post=7708"},{"taxonomy":"post_tag","embeddable":true,"href":"https:\/\/elpueblonoticia.com.ar\/web\/wp-json\/wp\/v2\/tags?post=7708"}],"curies":[{"name":"wp","href":"https:\/\/api.w.org\/{rel}","templated":true}]}}