{"id":7705,"date":"2026-03-09T14:38:51","date_gmt":"2026-03-09T17:38:51","guid":{"rendered":"https:\/\/elpueblonoticia.com.ar\/web\/?p=7705"},"modified":"2026-03-09T14:38:51","modified_gmt":"2026-03-09T17:38:51","slug":"azul-antolinez-es-la-nueva-reina-nacional-de-la-vendimia-2026-quien-es","status":"publish","type":"post","link":"https:\/\/elpueblonoticia.com.ar\/web\/2026\/03\/09\/azul-antolinez-es-la-nueva-reina-nacional-de-la-vendimia-2026-quien-es\/","title":{"rendered":"Azul Antol\u00ednez es la nueva reina nacional de la vendimia 2026: Qui\u00e9n es"},"content":{"rendered":"<p>La representante de San Rafael se qued\u00f3 con la corona tras una votaci\u00f3n muy ajustada en el Teatro Griego Frank Romero Day.<\/p>\n<p>La provincia de Mendoza celebr\u00f3 una de sus noches m\u00e1s emblem\u00e1ticas con la elecci\u00f3n de la nueva soberana vendimial. Azul Micaela Antol\u00ednez, representante del departamento de San Rafael, fue coronada como Reina Nacional de la Vendimia 2026 tras imponerse en la votaci\u00f3n final con 52 sufragios durante el acto central realizado en el Teatro Griego Frank Romero Day.<\/p>\n<p>La elecci\u00f3n marc\u00f3 el cierre de una edici\u00f3n muy especial de la fiesta, que este a\u00f1o celebr\u00f3 su 90\u00ba aniversario con el espect\u00e1culo \u201c90 cosechas de una misma cepa\u201d. Miles de personas asistieron al tradicional escenario al aire libre para presenciar la coronaci\u00f3n de la nueva representante de la vendimia mendocina.<\/p>\n<p>La votaci\u00f3n final fue muy disputada. La candidata de Tunuy\u00e1n, Agustina Giacomelli, qued\u00f3 en segundo lugar con 44 votos y fue consagrada como virreina nacional. Ambas j\u00f3venes se llevaron una ovaci\u00f3n del p\u00fablico al conocerse los resultados, en una noche que combin\u00f3 emoci\u00f3n, tradici\u00f3n y orgullo provincial.<\/p>\n<p>El triunfo de Antol\u00ednez tambi\u00e9n represent\u00f3 un logro hist\u00f3rico para el departamento de San Rafael. Con esta coronaci\u00f3n, la regi\u00f3n del sur mendocino volvi\u00f3 a conquistar el t\u00edtulo despu\u00e9s de 28 a\u00f1os. La \u00faltima vez que una representante sanrafaelina hab\u00eda alcanzado la corona nacional fue en 1998, cuando Mar\u00eda Cecilia Fornara result\u00f3 elegida como reina.<\/p>\n<p>Adem\u00e1s, el nuevo logro permite que San Rafael alcance su d\u00e9cima corona en la historia de la Fiesta Nacional de la Vendimia. Este dato reafirma la relevancia del departamento dentro de una celebraci\u00f3n que reconoce el trabajo de los productores vitivin\u00edcolas y el esfuerzo de quienes sostienen la actividad en la provincia.<\/p>\n<p>Tras recibir los atributos vendimiales, la flamante reina brind\u00f3 un discurso cargado de emoci\u00f3n y agradecimiento. Visiblemente conmovida, destac\u00f3 el valor cultural de la celebraci\u00f3n y el legado de las generaciones que construyeron la identidad vitivin\u00edcola de Mendoza. \u201cEste a\u00f1o cumplimos noventa a\u00f1os de una fiesta que celebra a nuestros ancestros, que llegaron a esta tierra a trabajar, convirtiendo el desierto en oasis y el oasis en cosecha. Much\u00edsimas gracias por coronarme. Me pongo a su disposici\u00f3n para trabajar en cada rinc\u00f3n de la provincia\u201d, expres\u00f3 entre l\u00e1grimas.<\/p>\n<p>La nueva reina tiene 21 a\u00f1os y represent\u00f3 al distrito de El Nihuil, en San Rafael. Actualmente cursa la Tecnicatura Superior en Enolog\u00eda y Viticultura, una formaci\u00f3n estrechamente vinculada con la actividad que celebra la fiesta. Adem\u00e1s, desarrolla su propio emprendimiento comercial: desde la adolescencia comenz\u00f3 vendiendo collares y hoy cuenta con una tienda de accesorios en el centro de su departamento.<\/p>\n<p>Su camino hacia la corona nacional comenz\u00f3 a fines de enero, cuando fue elegida reina departamental durante la fiesta \u201cTierra de Sue\u00f1os\u201d, en la que obtuvo 39 votos. Ahora, con el m\u00e1ximo t\u00edtulo vendimial, Antol\u00ednez inicia una nueva etapa como embajadora de una de las tradiciones m\u00e1s representativas de Mendoza.<\/p>\n","protected":false},"excerpt":{"rendered":"<p>La representante de San Rafael se qued\u00f3 con la corona tras una votaci\u00f3n muy ajustada en el Teatro Griego Frank Romero Day. La provincia de Mendoza celebr\u00f3 una de sus noches m\u00e1s emblem\u00e1ticas con la elecci\u00f3n de la nueva soberana vendimial. Azul Micaela Antol\u00ednez, representante del departamento de San Rafael, fue coronada como Reina Nacional [&hellip;]<\/p>\n","protected":false},"author":2,"featured_media":7706,"comment_status":"open","ping_status":"open","sticky":false,"template":"","format":"standard","meta":{"footnotes":""},"categories":[64],"tags":[],"class_list":{"0":"post-7705","1":"post","2":"type-post","3":"status-publish","4":"format-standard","5":"has-post-thumbnail","7":"category-nacionales"},"_links":{"self":[{"href":"https:\/\/elpueblonoticia.com.ar\/web\/wp-json\/wp\/v2\/posts\/7705","targetHints":{"allow":["GET"]}}],"collection":[{"href":"https:\/\/elpueblonoticia.com.ar\/web\/wp-json\/wp\/v2\/posts"}],"about":[{"href":"https:\/\/elpueblonoticia.com.ar\/web\/wp-json\/wp\/v2\/types\/post"}],"author":[{"embeddable":true,"href":"https:\/\/elpueblonoticia.com.ar\/web\/wp-json\/wp\/v2\/users\/2"}],"replies":[{"embeddable":true,"href":"https:\/\/elpueblonoticia.com.ar\/web\/wp-json\/wp\/v2\/comments?post=7705"}],"version-history":[{"count":1,"href":"https:\/\/elpueblonoticia.com.ar\/web\/wp-json\/wp\/v2\/posts\/7705\/revisions"}],"predecessor-version":[{"id":7707,"href":"https:\/\/elpueblonoticia.com.ar\/web\/wp-json\/wp\/v2\/posts\/7705\/revisions\/7707"}],"wp:featuredmedia":[{"embeddable":true,"href":"https:\/\/elpueblonoticia.com.ar\/web\/wp-json\/wp\/v2\/media\/7706"}],"wp:attachment":[{"href":"https:\/\/elpueblonoticia.com.ar\/web\/wp-json\/wp\/v2\/media?parent=7705"}],"wp:term":[{"taxonomy":"category","embeddable":true,"href":"https:\/\/elpueblonoticia.com.ar\/web\/wp-json\/wp\/v2\/categories?post=7705"},{"taxonomy":"post_tag","embeddable":true,"href":"https:\/\/elpueblonoticia.com.ar\/web\/wp-json\/wp\/v2\/tags?post=7705"}],"curies":[{"name":"wp","href":"https:\/\/api.w.org\/{rel}","templated":true}]}}