{"id":7702,"date":"2026-03-09T14:35:35","date_gmt":"2026-03-09T17:35:35","guid":{"rendered":"https:\/\/elpueblonoticia.com.ar\/web\/?p=7702"},"modified":"2026-03-09T14:35:35","modified_gmt":"2026-03-09T17:35:35","slug":"tarifazos-en-corrientes-la-dpec-aseguro-que-las-facturas-de-luz-estan-por-debajo-del-promedio-nacional","status":"publish","type":"post","link":"https:\/\/elpueblonoticia.com.ar\/web\/2026\/03\/09\/tarifazos-en-corrientes-la-dpec-aseguro-que-las-facturas-de-luz-estan-por-debajo-del-promedio-nacional\/","title":{"rendered":"Tarifazos en Corrientes: La DPEC asegur\u00f3 que las facturas de luz est\u00e1n por debajo del promedio nacional"},"content":{"rendered":"<div class=\"article__headline\">Tras las protestas por los fuertes incrementos en las facturas, la empresa provincial cit\u00f3 un informe de la UBA y el CONICET que ubica a la provincia en la mitad de la tabla tarifaria.<\/div>\n<p>&nbsp;<\/p>\n<p>En un contexto de creciente malestar social y protestas vecinales, la\u00a0Direcci\u00f3n Provincial de Energ\u00eda de Corrientes (DPEC)\u00a0sali\u00f3 al cruce de las cr\u00edticas por los recientes aumentos en el servicio el\u00e9ctrico.<\/p>\n<p>A trav\u00e9s de un comunicado oficial, el organismo sostuvo que las tarifas locales no se encuentran entre las m\u00e1s caras del pa\u00eds, respald\u00e1ndose en un relevamiento del\u00a0Instituto Interdisciplinario de Econom\u00eda Pol\u00edtica (IIEP), dependiente de la\u00a0UBA\u00a0y el\u00a0CONICET.<\/p>\n<p>La aclaraci\u00f3n oficial llega d\u00edas despu\u00e9s de que usuarios de la localidad de\u00a0Concepci\u00f3n\u00a0realizaran un corte en la\u00a0Ruta Provincial 6, denunciando &#8220;tarifazos&#8221; que, en algunos casos, superaron el 300% de incremento respecto a meses anteriores.<\/p>\n<h2><strong>Los n\u00fameros del informe: Corrientes en la &#8220;mitad de tabla&#8221;<\/strong><\/h2>\n<p>El informe t\u00e9cnico analiz\u00f3 facturas promedio (con impuestos y sin descuentos) para un consumo mensual de 265 kWh en 28 cuadros tarifarios de toda la Argentina. Seg\u00fan estos datos, Corrientes ocupa el\u00a0puesto 17\u00a0en el segmento de altos ingresos y el\u00a016\u00a0en el de bajos ingresos, situ\u00e1ndose de la mitad hacia abajo en el ranking de costos.<\/p>\n<ul>\n<li><strong>Altos ingresos (N1):<\/strong> Mientras el promedio nacional se ubica en\u00a0$76.209, en Corrientes el monto ronda los $70.548.<\/li>\n<li><strong>Bajos ingresos (N2):<\/strong>\u00a0El promedio pa\u00eds es de\u00a0$49.166, frente a los\u00a0$47.000\u00a0que registra la provincia.<\/li>\n<\/ul>\n<p>Desde la DPEC explicaron que, actualmente, los usuarios cubren el 72% del costo del sistema el\u00e9ctrico, mientras que el Estado nacional aporta el 28% restante mediante subsidios. Cabe recordar que la\u00a0Resoluci\u00f3n 22\/26\u00a0de la Secretar\u00eda de Energ\u00eda de la Naci\u00f3n fij\u00f3 el nuevo precio estacional de la energ\u00eda en\u00a0$2.029\/MWh\u00a0a partir de febrero de 2026, lo que impact\u00f3 directamente en las boletas.<\/p>\n<h2><strong>Uso intensivo y factores multicausales<\/strong><\/h2>\n<p>M\u00e1s all\u00e1 de los precios nominales, el organismo energ\u00e9tico subray\u00f3 que el\u00a0uso intensivo de equipos de refrigeraci\u00f3n\u00a0ante las temperaturas extremas de la regi\u00f3n eleva la demanda de los hogares y, por ende, el importe final.<\/p>\n<p>&#8220;La dispersi\u00f3n tarifaria entre provincias es multicausal&#8221;, se\u00f1alaron desde la entidad, mencionando factores como el\u00a0Valor Agregado de Distribuci\u00f3n (VAD), la frecuencia de actualizaci\u00f3n de costos locales y los cambios estructurales en los subsidios nacionales como las variables que determinan el precio final que paga el vecino correntino.<\/p>\n","protected":false},"excerpt":{"rendered":"<p>Tras las protestas por los fuertes incrementos en las facturas, la empresa provincial cit\u00f3 un informe de la UBA y el CONICET que ubica a la provincia en la mitad de la tabla tarifaria. &nbsp; En un contexto de creciente malestar social y protestas vecinales, la\u00a0Direcci\u00f3n Provincial de Energ\u00eda de Corrientes (DPEC)\u00a0sali\u00f3 al cruce de [&hellip;]<\/p>\n","protected":false},"author":2,"featured_media":7703,"comment_status":"open","ping_status":"open","sticky":false,"template":"","format":"standard","meta":{"footnotes":""},"categories":[72],"tags":[],"class_list":{"0":"post-7702","1":"post","2":"type-post","3":"status-publish","4":"format-standard","5":"has-post-thumbnail","7":"category-provinciales"},"_links":{"self":[{"href":"https:\/\/elpueblonoticia.com.ar\/web\/wp-json\/wp\/v2\/posts\/7702","targetHints":{"allow":["GET"]}}],"collection":[{"href":"https:\/\/elpueblonoticia.com.ar\/web\/wp-json\/wp\/v2\/posts"}],"about":[{"href":"https:\/\/elpueblonoticia.com.ar\/web\/wp-json\/wp\/v2\/types\/post"}],"author":[{"embeddable":true,"href":"https:\/\/elpueblonoticia.com.ar\/web\/wp-json\/wp\/v2\/users\/2"}],"replies":[{"embeddable":true,"href":"https:\/\/elpueblonoticia.com.ar\/web\/wp-json\/wp\/v2\/comments?post=7702"}],"version-history":[{"count":1,"href":"https:\/\/elpueblonoticia.com.ar\/web\/wp-json\/wp\/v2\/posts\/7702\/revisions"}],"predecessor-version":[{"id":7704,"href":"https:\/\/elpueblonoticia.com.ar\/web\/wp-json\/wp\/v2\/posts\/7702\/revisions\/7704"}],"wp:featuredmedia":[{"embeddable":true,"href":"https:\/\/elpueblonoticia.com.ar\/web\/wp-json\/wp\/v2\/media\/7703"}],"wp:attachment":[{"href":"https:\/\/elpueblonoticia.com.ar\/web\/wp-json\/wp\/v2\/media?parent=7702"}],"wp:term":[{"taxonomy":"category","embeddable":true,"href":"https:\/\/elpueblonoticia.com.ar\/web\/wp-json\/wp\/v2\/categories?post=7702"},{"taxonomy":"post_tag","embeddable":true,"href":"https:\/\/elpueblonoticia.com.ar\/web\/wp-json\/wp\/v2\/tags?post=7702"}],"curies":[{"name":"wp","href":"https:\/\/api.w.org\/{rel}","templated":true}]}}