{"id":7693,"date":"2026-03-09T14:20:45","date_gmt":"2026-03-09T17:20:45","guid":{"rendered":"https:\/\/elpueblonoticia.com.ar\/web\/?p=7693"},"modified":"2026-03-09T14:20:45","modified_gmt":"2026-03-09T17:20:45","slug":"tension-docente-en-corrientes-tras-la-marcha-contra-el-aumento-del-6-convocan-a-una-nueva-movilizacion","status":"publish","type":"post","link":"https:\/\/elpueblonoticia.com.ar\/web\/2026\/03\/09\/tension-docente-en-corrientes-tras-la-marcha-contra-el-aumento-del-6-convocan-a-una-nueva-movilizacion\/","title":{"rendered":"Tensi\u00f3n docente en Corrientes: Tras la marcha contra el aumento del 6%, convocan a una nueva movilizaci\u00f3n"},"content":{"rendered":"<div class=\"article__headline\">Docentes autoconvocados rechazaron la oferta salarial del Gobierno. En medio de cruces con la Polic\u00eda durante la \u00faltima protesta, el sector ya prepara una nueva manifestaci\u00f3n para el pr\u00f3ximo s\u00e1bado 14 de marzo.<\/div>\n<p>&nbsp;<\/p>\n<p>El malestar en el sector p\u00fablico de\u00a0Corrientes\u00a0se profundiza tras el anuncio del incremento salarial del 6%. Durante el \u00faltimo fin de semana, docentes autoconvocados llevaron a cabo una movilizaci\u00f3n por la avenida 3 de Abril, donde denunciaron operativos policiales que restringieron su derecho a visibilizar carteles con reclamos salariales durante los sem\u00e1foros en rojo.<\/p>\n<p>&#8220;Tienen \u00f3rdenes de no dejarnos ni estar en la vereda&#8221;, expresaron los manifestantes a trav\u00e9s de redes sociales. Pese a las tensiones, los docentes aclararon que no buscan interrumpir el tr\u00e1nsito y confirmaron que la pr\u00f3xima medida de fuerza ser\u00e1 una concentraci\u00f3n el\u00a0s\u00e1bado 14 de marzo, a partir de las 10 de la ma\u00f1ana, en la intersecci\u00f3n de 3 de Abril y Chaco.<\/p>\n<h2><strong>El gremio SUTECO calific\u00f3 el aumento como &#8220;una burla&#8221;<\/strong><\/h2>\n<p>La postura de los docentes encuentra eco en el\u00a0Sindicato \u00danico de Trabajadores de la Educaci\u00f3n de Corrientes (SUTECO), que formaliz\u00f3 su rechazo a la oferta oficial. En una comparaci\u00f3n directa para ilustrar la situaci\u00f3n, el gremio se\u00f1al\u00f3 que mientras el incremento al b\u00e1sico docente representa unos\u00a012 mil pesos, una boleta de luz de la DPEC puede ascender a\u00a0172 mil pesos.<\/p>\n<p>Ante este escenario, el sindicato mantiene el estado de &#8220;Alerta y Movilizaci\u00f3n&#8221; y exige una recomposici\u00f3n integral, cuyos puntos principales incluyen:<\/p>\n<ul>\n<li>Un aumento del 50% al\u00a0Salario B\u00e1sico.<\/li>\n<li>Llevar el salario inicial por encima de la l\u00ednea de pobreza ($1.360.000\u00a0para enero\/26).<\/li>\n<li>Blanqueo de todos los montos percibidos &#8220;en negro&#8221;.<\/li>\n<li>Actualizaci\u00f3n de \u00edtems como zona, movilidad, conectividad y materiales.<\/li>\n<li>Pago del plus en los dos cargos y el aguinaldo calculado sobre el 50% del salario de bolsillo.<\/li>\n<\/ul>\n<h2><strong>Un conflicto que escala<\/strong><\/h2>\n<p>Aunque los gremios oficiales a\u00fan no han anunciado paros formales, la movilizaci\u00f3n de los trabajadores autoconvocados \u2014a la que se sumaron sectores de\u00a0salud y seguridad\u2014 refleja un descontento que va m\u00e1s all\u00e1 de lo estrictamente pedag\u00f3gico.<\/p>\n<p>La consigna &#8220;Basta de sueldos que no alcanzan&#8221; se ha convertido en el eje de una protesta que amenaza con escalar si el Gobierno no abre una instancia de di\u00e1logo con n\u00fameros superiores al 6% anunciado.<\/p>\n<p>Por el momento, la estrategia de los trabajadores apunta a la calle, mientras el Ejecutivo provincial sostiene que los anuncios salariales continuar\u00e1n de manera progresiva a lo largo del a\u00f1o.<\/p>\n","protected":false},"excerpt":{"rendered":"<p>Docentes autoconvocados rechazaron la oferta salarial del Gobierno. En medio de cruces con la Polic\u00eda durante la \u00faltima protesta, el sector ya prepara una nueva manifestaci\u00f3n para el pr\u00f3ximo s\u00e1bado 14 de marzo. &nbsp; El malestar en el sector p\u00fablico de\u00a0Corrientes\u00a0se profundiza tras el anuncio del incremento salarial del 6%. Durante el \u00faltimo fin de [&hellip;]<\/p>\n","protected":false},"author":2,"featured_media":7694,"comment_status":"open","ping_status":"open","sticky":false,"template":"","format":"standard","meta":{"footnotes":""},"categories":[72],"tags":[],"class_list":{"0":"post-7693","1":"post","2":"type-post","3":"status-publish","4":"format-standard","5":"has-post-thumbnail","7":"category-provinciales"},"_links":{"self":[{"href":"https:\/\/elpueblonoticia.com.ar\/web\/wp-json\/wp\/v2\/posts\/7693","targetHints":{"allow":["GET"]}}],"collection":[{"href":"https:\/\/elpueblonoticia.com.ar\/web\/wp-json\/wp\/v2\/posts"}],"about":[{"href":"https:\/\/elpueblonoticia.com.ar\/web\/wp-json\/wp\/v2\/types\/post"}],"author":[{"embeddable":true,"href":"https:\/\/elpueblonoticia.com.ar\/web\/wp-json\/wp\/v2\/users\/2"}],"replies":[{"embeddable":true,"href":"https:\/\/elpueblonoticia.com.ar\/web\/wp-json\/wp\/v2\/comments?post=7693"}],"version-history":[{"count":1,"href":"https:\/\/elpueblonoticia.com.ar\/web\/wp-json\/wp\/v2\/posts\/7693\/revisions"}],"predecessor-version":[{"id":7695,"href":"https:\/\/elpueblonoticia.com.ar\/web\/wp-json\/wp\/v2\/posts\/7693\/revisions\/7695"}],"wp:featuredmedia":[{"embeddable":true,"href":"https:\/\/elpueblonoticia.com.ar\/web\/wp-json\/wp\/v2\/media\/7694"}],"wp:attachment":[{"href":"https:\/\/elpueblonoticia.com.ar\/web\/wp-json\/wp\/v2\/media?parent=7693"}],"wp:term":[{"taxonomy":"category","embeddable":true,"href":"https:\/\/elpueblonoticia.com.ar\/web\/wp-json\/wp\/v2\/categories?post=7693"},{"taxonomy":"post_tag","embeddable":true,"href":"https:\/\/elpueblonoticia.com.ar\/web\/wp-json\/wp\/v2\/tags?post=7693"}],"curies":[{"name":"wp","href":"https:\/\/api.w.org\/{rel}","templated":true}]}}