{"id":7690,"date":"2026-03-09T14:18:15","date_gmt":"2026-03-09T17:18:15","guid":{"rendered":"https:\/\/elpueblonoticia.com.ar\/web\/?p=7690"},"modified":"2026-03-09T14:18:15","modified_gmt":"2026-03-09T17:18:15","slug":"fiscalizacion-se-prepara-para-una-edicion-record-el-desafio-es-ser-el-nexo-entre-los-pescadores-y-la-organizacion","status":"publish","type":"post","link":"https:\/\/elpueblonoticia.com.ar\/web\/2026\/03\/09\/fiscalizacion-se-prepara-para-una-edicion-record-el-desafio-es-ser-el-nexo-entre-los-pescadores-y-la-organizacion\/","title":{"rendered":"Fiscalizaci\u00f3n se prepara para una edici\u00f3n r\u00e9cord: \u201cEl desaf\u00edo es ser el nexo entre los pescadores y la organizaci\u00f3n\u201d"},"content":{"rendered":"<p>De cara a una nueva edici\u00f3n del\u00a0Mundial de Pesca, la Comisi\u00f3n Municipal de Pesca (COMUPE) contin\u00faa avanzando en la puesta a punto de cada detalle para el evento de pesca deportiva m\u00e1s convocante del mundo.<\/p>\n<p>En ese marco, Andr\u00e9s Franco, nuevo integrante del \u00c1rea de Fiscalizaci\u00f3n encabezada por Jos\u00e9\u00a0Lorenz\u00f3n, detall\u00f3 el trabajo que se viene realizando para optimizar la organizaci\u00f3n del concurso de la\u00a0Fiesta Nacional del Surub\u00ed<strong>,<\/strong>\u00a0y garantizar una mejor experiencia para los pescadores.<\/p>\n<p><strong>Un nexo entre pescadores y la organizaci\u00f3n<\/strong><\/p>\n<p>Franco explic\u00f3 que su funci\u00f3n principal dentro de la\u00a0COMUPE\u00a0es actuar como un puente entre los distintos actores que forman parte del concurso. \u201cMi desaf\u00edo es hacer de nexo entre los pescadores, la COMUPE y el fiscal general, llevando todas las inquietudes de los pescadores y tambi\u00e9n las de los fiscales para que podamos organizar de la mejor manera el evento\u201d, se\u00f1al\u00f3.<\/p>\n<p>En ese sentido, destac\u00f3 que el trabajo se realiza de manera coordinada con todo el equipo de fiscalizaci\u00f3n y con el \u00e1rea de comunicaciones, con el objetivo de ajustar cada detalle previo al inicio del concurso.<\/p>\n<p><strong>M\u00e1s embarcaciones y ampliaci\u00f3n de zonas de pesca<\/strong><\/p>\n<p>Uno de los aspectos m\u00e1s importantes de esta edici\u00f3n es el crecimiento en la cantidad de equipos participantes. Seg\u00fan indic\u00f3 Franco, actualmente ya existen 1.400 lanchas inscriptas, lo que llev\u00f3 a la organizaci\u00f3n a trabajar de manera responsable y coordinada para ampliar el \u00e1rea de pesca. Entre las principales novedades se destaca la incorporaci\u00f3n de una nueva zona, denominada zona 13, ubicada en el sector conocido como \u201cEl Toro\u201d. Andr\u00e9s a su vez explic\u00f3 que tambi\u00e9n se ampliaron otras \u00e1reas ya comprendidas en ediciones anteriores del concurso: entre ellas la Zona 3, que tendr\u00e1 mayor extensi\u00f3n, y la Zona 10, que tambi\u00e9n fue ampliada para mejorar la distribuci\u00f3n de equipos. En su argumentaci\u00f3n mencion\u00f3 que estas modificaciones sobre las cuales estuvieron trabajando, buscan brindar m\u00e1s espacio y seguridad para todos los participantes.<\/p>\n<p><strong>Actualizaci\u00f3n del mapa del concurso<\/strong><\/p>\n<p>Seg\u00fan Andr\u00e9s, ante lo mencionado respecto a las zonas, otro de los trabajos que se encuentra en marcha es la actualizaci\u00f3n del mapa oficial de zonas de pesca. Para ello, la organizaci\u00f3n cuenta con el acompa\u00f1amiento t\u00e9cnico de la empresa TelCo. \u201cNos est\u00e1n dando una gran mano con el nuevo mapa, creemos que pr\u00f3ximamente ya lo vamos a tener listo para poder publicarlo y que los pescadores lo puedan ver\u201d, explic\u00f3 Franco.<\/p>\n<p><strong>M\u00e1s seguridad para los pescadores<\/strong><\/p>\n<p>Franco adem\u00e1s se refiri\u00f3 sobre como vienen prepar\u00e1ndose en el \u00e1rea en materia de seguridad, con la posibilidad de incorporar una ambulancia fluvial durante el desarrollo del concurso. Se trata de una embarcaci\u00f3n sanitaria que actualmente se encuentra en Ituzaing\u00f3 y pertenece al Ministerio de Salud de la Provincia. Desde la COMUPE ya se iniciaron las gestiones para que pueda estar operativa durante la competencia. \u201cLa idea es que la ambulancia est\u00e9 en el agua durante el concurso. Va a ser algo muy bueno y una tranquilidad para todos los pescadores\u201d, explic\u00f3.<\/p>\n<p><strong>Refuerzo del control en las zonas<\/strong><\/p>\n<p>Debido a la gran cantidad de embarcaciones que se espera en el r\u00edo \u2014entre equipos participantes, fiscales, embarcaciones de apoyo, mec\u00e1nicos y log\u00edstica\u2014 \u201ctambi\u00e9n se eval\u00faa sumar un nuevo punto de fiscalizaci\u00f3n que permitir\u00eda mejorar el control y la organizaci\u00f3n durante el desarrollo del concurso\u201d puntualiz\u00f3 Franco al respecto.<\/p>\n","protected":false},"excerpt":{"rendered":"<p>De cara a una nueva edici\u00f3n del\u00a0Mundial de Pesca, la Comisi\u00f3n Municipal de Pesca (COMUPE) contin\u00faa avanzando en la puesta a punto de cada detalle para el evento de pesca deportiva m\u00e1s convocante del mundo. En ese marco, Andr\u00e9s Franco, nuevo integrante del \u00c1rea de Fiscalizaci\u00f3n encabezada por Jos\u00e9\u00a0Lorenz\u00f3n, detall\u00f3 el trabajo que se viene [&hellip;]<\/p>\n","protected":false},"author":2,"featured_media":7691,"comment_status":"open","ping_status":"open","sticky":false,"template":"","format":"standard","meta":{"footnotes":""},"categories":[56],"tags":[],"class_list":{"0":"post-7690","1":"post","2":"type-post","3":"status-publish","4":"format-standard","5":"has-post-thumbnail","7":"category-locales"},"_links":{"self":[{"href":"https:\/\/elpueblonoticia.com.ar\/web\/wp-json\/wp\/v2\/posts\/7690","targetHints":{"allow":["GET"]}}],"collection":[{"href":"https:\/\/elpueblonoticia.com.ar\/web\/wp-json\/wp\/v2\/posts"}],"about":[{"href":"https:\/\/elpueblonoticia.com.ar\/web\/wp-json\/wp\/v2\/types\/post"}],"author":[{"embeddable":true,"href":"https:\/\/elpueblonoticia.com.ar\/web\/wp-json\/wp\/v2\/users\/2"}],"replies":[{"embeddable":true,"href":"https:\/\/elpueblonoticia.com.ar\/web\/wp-json\/wp\/v2\/comments?post=7690"}],"version-history":[{"count":1,"href":"https:\/\/elpueblonoticia.com.ar\/web\/wp-json\/wp\/v2\/posts\/7690\/revisions"}],"predecessor-version":[{"id":7692,"href":"https:\/\/elpueblonoticia.com.ar\/web\/wp-json\/wp\/v2\/posts\/7690\/revisions\/7692"}],"wp:featuredmedia":[{"embeddable":true,"href":"https:\/\/elpueblonoticia.com.ar\/web\/wp-json\/wp\/v2\/media\/7691"}],"wp:attachment":[{"href":"https:\/\/elpueblonoticia.com.ar\/web\/wp-json\/wp\/v2\/media?parent=7690"}],"wp:term":[{"taxonomy":"category","embeddable":true,"href":"https:\/\/elpueblonoticia.com.ar\/web\/wp-json\/wp\/v2\/categories?post=7690"},{"taxonomy":"post_tag","embeddable":true,"href":"https:\/\/elpueblonoticia.com.ar\/web\/wp-json\/wp\/v2\/tags?post=7690"}],"curies":[{"name":"wp","href":"https:\/\/api.w.org\/{rel}","templated":true}]}}