{"id":7687,"date":"2026-03-09T14:16:02","date_gmt":"2026-03-09T17:16:02","guid":{"rendered":"https:\/\/elpueblonoticia.com.ar\/web\/?p=7687"},"modified":"2026-03-09T14:16:02","modified_gmt":"2026-03-09T17:16:02","slug":"inscripciones-presenciales-abiertas-para-carreras-del-isg","status":"publish","type":"post","link":"https:\/\/elpueblonoticia.com.ar\/web\/2026\/03\/09\/inscripciones-presenciales-abiertas-para-carreras-del-isg\/","title":{"rendered":"Inscripciones presenciales abiertas para carreras del ISG"},"content":{"rendered":"<p>El ISFD Dr. Daniel Lesteime informa a toda la comunidad que hasta el 11 de marzo se encuentra abierta la inscripci\u00f3n presencial para ingresar a nuestras carreras.Las personas interesadas pueden acercarse al Instituto, sito en \u00d1aemb\u00e9 y Polic\u00eda Federal, para realizar el tr\u00e1mite y recibir asesoramiento sobre las propuestas formativas disponibles.<\/p>\n<p>A continuaci\u00f3n, se detallan las carreras y si cuentan con cupo disponible:<\/p>\n<p>Tecnicatura Superior en Ciencia de Datos e Inteligencia Artificial. HAY CUPO<br \/>\nTecnicatura Superior en Turismo. HAY CUPO<br \/>\nTecnicatura Superior en Desarrollo de Software. HAY CUPO<br \/>\nTecnicatura Superior en Trabajo Social. HAY CUPO<br \/>\nTecnicatura Superior en Log\u00edstica. HAY CUPO<br \/>\nTecnicatura Superior en Gesti\u00f3n de la Producci\u00f3n Agropecuaria. HAY CUPO<br \/>\nProfesorado en Educaci\u00f3n Inicial. SIN CUPO<br \/>\nProfesorado en Educaci\u00f3n Primaria. SIN CUPO<br \/>\nProfesorado de Educaci\u00f3n Secundaria en Matem\u00e1tica. HAY CUPO<br \/>\nProfesorado de M\u00fasica. HAY CUPO<br \/>\nProfesorado de Artes Visuales. HAY CUPO<br \/>\nProfesorado de Educaci\u00f3n Especial con Orientaci\u00f3n a Discapacidad Intelectual. SIN CUPO<br \/>\nProfesorado de Educaci\u00f3n Secundaria en Agronom\u00eda. HAY CUPO<br \/>\nProfesorado de Educaci\u00f3n Secundaria en Qu\u00edmica. HAY CUPO<br \/>\nProfesorado de Ingl\u00e9s. HAY CUPO<br \/>\nProfesorado en Educaci\u00f3n Tecnol\u00f3gica. HAY CUPO<br \/>\nLos cupos son limitados, por lo que se recomienda realizar la inscripci\u00f3n a la brevedad.<\/p>\n<p>Para m\u00e1s informaci\u00f3n, acercarse al Instituto (Biblioteca) en los siguientes horarios: 8 a 12 hs y de 14 a 22 hs<br \/>\n\u00a1Te esperamos!<\/p>\n","protected":false},"excerpt":{"rendered":"<p>El ISFD Dr. Daniel Lesteime informa a toda la comunidad que hasta el 11 de marzo se encuentra abierta la inscripci\u00f3n presencial para ingresar a nuestras carreras.Las personas interesadas pueden acercarse al Instituto, sito en \u00d1aemb\u00e9 y Polic\u00eda Federal, para realizar el tr\u00e1mite y recibir asesoramiento sobre las propuestas formativas disponibles. A continuaci\u00f3n, se detallan [&hellip;]<\/p>\n","protected":false},"author":2,"featured_media":7688,"comment_status":"open","ping_status":"open","sticky":false,"template":"","format":"standard","meta":{"footnotes":""},"categories":[56],"tags":[],"class_list":{"0":"post-7687","1":"post","2":"type-post","3":"status-publish","4":"format-standard","5":"has-post-thumbnail","7":"category-locales"},"_links":{"self":[{"href":"https:\/\/elpueblonoticia.com.ar\/web\/wp-json\/wp\/v2\/posts\/7687","targetHints":{"allow":["GET"]}}],"collection":[{"href":"https:\/\/elpueblonoticia.com.ar\/web\/wp-json\/wp\/v2\/posts"}],"about":[{"href":"https:\/\/elpueblonoticia.com.ar\/web\/wp-json\/wp\/v2\/types\/post"}],"author":[{"embeddable":true,"href":"https:\/\/elpueblonoticia.com.ar\/web\/wp-json\/wp\/v2\/users\/2"}],"replies":[{"embeddable":true,"href":"https:\/\/elpueblonoticia.com.ar\/web\/wp-json\/wp\/v2\/comments?post=7687"}],"version-history":[{"count":1,"href":"https:\/\/elpueblonoticia.com.ar\/web\/wp-json\/wp\/v2\/posts\/7687\/revisions"}],"predecessor-version":[{"id":7689,"href":"https:\/\/elpueblonoticia.com.ar\/web\/wp-json\/wp\/v2\/posts\/7687\/revisions\/7689"}],"wp:featuredmedia":[{"embeddable":true,"href":"https:\/\/elpueblonoticia.com.ar\/web\/wp-json\/wp\/v2\/media\/7688"}],"wp:attachment":[{"href":"https:\/\/elpueblonoticia.com.ar\/web\/wp-json\/wp\/v2\/media?parent=7687"}],"wp:term":[{"taxonomy":"category","embeddable":true,"href":"https:\/\/elpueblonoticia.com.ar\/web\/wp-json\/wp\/v2\/categories?post=7687"},{"taxonomy":"post_tag","embeddable":true,"href":"https:\/\/elpueblonoticia.com.ar\/web\/wp-json\/wp\/v2\/tags?post=7687"}],"curies":[{"name":"wp","href":"https:\/\/api.w.org\/{rel}","templated":true}]}}