{"id":7675,"date":"2026-03-09T14:08:12","date_gmt":"2026-03-09T17:08:12","guid":{"rendered":"https:\/\/elpueblonoticia.com.ar\/web\/?p=7675"},"modified":"2026-03-09T14:08:12","modified_gmt":"2026-03-09T17:08:12","slug":"finalizo-con-exito-la-competencia-de-pequenos-triatletas-en-goya","status":"publish","type":"post","link":"https:\/\/elpueblonoticia.com.ar\/web\/2026\/03\/09\/finalizo-con-exito-la-competencia-de-pequenos-triatletas-en-goya\/","title":{"rendered":"Finaliz\u00f3 con \u00e9xito la competencia de peque\u00f1os &#8220;triatletas&#8221; en Goya"},"content":{"rendered":"<p>Con la participaci\u00f3n de 32 menores se realiz\u00f3 en la tarde del s\u00e1bado la primera jornada deportiva, en el marco de la 17\u00aa Edici\u00f3n del Triatl\u00f3n Ciudad de Goya.<\/p>\n<p>La Costanera Norte, Playa El Inga desde las 16 horas convoc\u00f3 a los peque\u00f1os \u201ctriatletas\u201d que pusieron todo su entusiasmo y ganas, a la prueba combinada de nataci\u00f3n, ciclismo y pedestrismo del Tria Ni\u00f1os.<\/p>\n<p>Con la organizaci\u00f3n de la Municipalidad de Goya, desde la Direcci\u00f3n de Deportes, se llev\u00f3 adelante la competencia, adaptada las distancias de acuerdo a las edades de los participantes.<\/p>\n<p>La organizaci\u00f3n cont\u00f3 con el apoyo y log\u00edstica de todo el equipo municipal, la decisi\u00f3n del propio Intendente Mariano Hormaechea de fomentar la pr\u00e1ctica deportiva en los ni\u00f1os, la Secretaria de Turismo, la Subsecretar\u00eda de Salud, APS, junto al Equipo de Emergencia Municipal, la ambulancia, las Direcciones de Deportes, Juventud, Prensa, Servicios Generales, Luminotecnia; Las escuelas de Atletismo, de Aguas Abiertas, el equipo de Guardavidas, la Prefectura Goya, con una gran predisposici\u00f3n en la tarea de colaboraci\u00f3n de los equipos de runner de la ciudad.<\/p>\n<p>El \u201cTria\u201d de ni\u00f1os se disput\u00f3 en las siguientes categor\u00edas de 5 a 7 a\u00f1os; de 8 a 10 y de 11 a 13 a\u00f1os.<\/p>\n<p>Las distancias establecidas para las mencionadas categor\u00edas han sido las siguientes:<\/p>\n<p>5-7 a\u00f1os, Nataci\u00f3n 25 metros; Ciclismo 500 metros y Pedestrismo 300 metros.<\/p>\n<p>8-10 a\u00f1os: Nataci\u00f3n 100 metros; Ciclismo 1500 metros y Pedestrismo 750 metros.<\/p>\n<p>11-13 a\u00f1os: Nataci\u00f3n 200 metros; Ciclismo 3K y Pedestrismo 1K.<\/p>\n<p>Una tarde de s\u00e1bado preparada para el disfrute, el colorido de las indumentarias de los peque\u00f1os deportistas, el acompa\u00f1amiento de padres, instructores, profesores y el p\u00fablico que alent\u00f3 la participaci\u00f3n de los ni\u00f1os en las diferentes pruebas deportivas.<\/p>\n<p><strong>ALEJANDRO LAGO<\/strong><\/p>\n<p>El Director de Deportes una vez concluida la jornada deportiva, destinada a los ni\u00f1os, destac\u00f3 la \u201cparticipaci\u00f3n de los \u201cpeque\u00f1os# triatletas, agradezco el trabajo de los profesores, el acompa\u00f1amiento de los padres, la decisi\u00f3n de fomentar la actividad por parte del Intendente Mariano Hormaechea, es una gran posibilidad para incentivar a nuestros ni\u00f1os a la pr\u00e1ctica deportiva, estamos marcando un\u00a0 camino, en\u00a0 la generaci\u00f3n del semilleros de esta disciplina, un espacio como el Inga para disfrutar, para conocer, seguramente as\u00ed lo viviremos el domingo en nuestra 17\u00aa edici\u00f3n del Triatl\u00f3n con la presencia de corredores de otras ciudades, que ayudan a impulsar el turismo de la ciudad.\u201d<\/p>\n<p>\u201cNuevamente gracias, a todos por el apoyo y nos entramos el domingo desde las 7 horas, en este escenario de nuestra Costanera Norte, Playa El Inga\u201d.<\/p>\n<p>Todos los participantes recibieron su medalla finisher, para la entrega de las medallas y la premiaci\u00f3n particip\u00f3 el Director de Juventud Gast\u00f3n Espinosa, junto al equipo de la organizaci\u00f3n.<\/p>\n<p><strong>CLASIFICACI\u00d3N GENERAL<\/strong><\/p>\n<p>5-7 A\u00d1OS<\/p>\n<p>FEMENINO:<\/p>\n<p>1\u00ba Luc\u00eda Bel\u00e9n Chas<\/p>\n<p>2\u00ba Nerea Romero<\/p>\n<p>3\u00ba Sof\u00eda V\u00e1squez<\/p>\n<p>MASCULINO<\/p>\n<p>1\u00ba Briant Aquino<\/p>\n<p>2\u00ba Juanita Aguirre (Se hizo esta menci\u00f3n especial porque la menor corri\u00f3 a la par de los ni\u00f1os y era la otra nena que form\u00f3 parte de la prueba)<\/p>\n<p>8-10 A\u00d1OS<\/p>\n<p>FEMENINO:<\/p>\n<p>1\u00ba L\u00eda Mart\u00ednez<\/p>\n<p>2\u00ba Selene Novello<\/p>\n<p>MACULINO:<\/p>\n<p>1\u00ba Gabino Gomez Romero<\/p>\n<p>2\u00ba Jos\u00e9 P\u00e9rez<\/p>\n<p>3\u00ba Juan Ignacio Romero<\/p>\n<p>11-13 A\u00d1OS<\/p>\n<p>FEMENINO:<\/p>\n<p>1\u00ba Mar\u00eda Emilia Bejarano<\/p>\n<p>2\u00ba Camila Chas<\/p>\n<p>3\u00ba Avril R\u00edos Escobar<\/p>\n<p>MACULINO:<\/p>\n<p>1\u00ba Joel Fiad Sosa<\/p>\n<p>2\u00ba Santino Enr\u00edquez<\/p>\n<p>3\u00ba Ian Pezzelato<\/p>\n<p>Recordemos que la programaci\u00f3n continuar\u00e1 el domingo desde las 8 horas, en Playa El Inga.<\/p>\n","protected":false},"excerpt":{"rendered":"<p>Con la participaci\u00f3n de 32 menores se realiz\u00f3 en la tarde del s\u00e1bado la primera jornada deportiva, en el marco de la 17\u00aa Edici\u00f3n del Triatl\u00f3n Ciudad de Goya. La Costanera Norte, Playa El Inga desde las 16 horas convoc\u00f3 a los peque\u00f1os \u201ctriatletas\u201d que pusieron todo su entusiasmo y ganas, a la prueba combinada [&hellip;]<\/p>\n","protected":false},"author":2,"featured_media":7676,"comment_status":"open","ping_status":"open","sticky":false,"template":"","format":"standard","meta":{"footnotes":""},"categories":[76],"tags":[],"class_list":{"0":"post-7675","1":"post","2":"type-post","3":"status-publish","4":"format-standard","5":"has-post-thumbnail","7":"category-deportes"},"_links":{"self":[{"href":"https:\/\/elpueblonoticia.com.ar\/web\/wp-json\/wp\/v2\/posts\/7675","targetHints":{"allow":["GET"]}}],"collection":[{"href":"https:\/\/elpueblonoticia.com.ar\/web\/wp-json\/wp\/v2\/posts"}],"about":[{"href":"https:\/\/elpueblonoticia.com.ar\/web\/wp-json\/wp\/v2\/types\/post"}],"author":[{"embeddable":true,"href":"https:\/\/elpueblonoticia.com.ar\/web\/wp-json\/wp\/v2\/users\/2"}],"replies":[{"embeddable":true,"href":"https:\/\/elpueblonoticia.com.ar\/web\/wp-json\/wp\/v2\/comments?post=7675"}],"version-history":[{"count":1,"href":"https:\/\/elpueblonoticia.com.ar\/web\/wp-json\/wp\/v2\/posts\/7675\/revisions"}],"predecessor-version":[{"id":7677,"href":"https:\/\/elpueblonoticia.com.ar\/web\/wp-json\/wp\/v2\/posts\/7675\/revisions\/7677"}],"wp:featuredmedia":[{"embeddable":true,"href":"https:\/\/elpueblonoticia.com.ar\/web\/wp-json\/wp\/v2\/media\/7676"}],"wp:attachment":[{"href":"https:\/\/elpueblonoticia.com.ar\/web\/wp-json\/wp\/v2\/media?parent=7675"}],"wp:term":[{"taxonomy":"category","embeddable":true,"href":"https:\/\/elpueblonoticia.com.ar\/web\/wp-json\/wp\/v2\/categories?post=7675"},{"taxonomy":"post_tag","embeddable":true,"href":"https:\/\/elpueblonoticia.com.ar\/web\/wp-json\/wp\/v2\/tags?post=7675"}],"curies":[{"name":"wp","href":"https:\/\/api.w.org\/{rel}","templated":true}]}}