{"id":7672,"date":"2026-03-09T14:06:26","date_gmt":"2026-03-09T17:06:26","guid":{"rendered":"https:\/\/elpueblonoticia.com.ar\/web\/?p=7672"},"modified":"2026-03-09T14:47:57","modified_gmt":"2026-03-09T17:47:57","slug":"la-fabrica-de-pullovers-mas-emblematica-de-mar-del-plata-esta-en-crisis-casi-200-trabajadores-quedaron-suspendidos","status":"publish","type":"post","link":"https:\/\/elpueblonoticia.com.ar\/web\/2026\/03\/09\/la-fabrica-de-pullovers-mas-emblematica-de-mar-del-plata-esta-en-crisis-casi-200-trabajadores-quedaron-suspendidos\/","title":{"rendered":"La f\u00e1brica de pullovers m\u00e1s emblem\u00e1tica de Mar del Plata est\u00e1 en Crisis: Casi 200 trabajadores quedaron suspendidos"},"content":{"rendered":"<div class=\"article-body__subheadline\">La planta permanece pr\u00e1cticamente paralizada desde hace cuatro meses y la incertidumbre crece entre los empleados de una de las marcas de indumentaria m\u00e1s conocidas del pa\u00eds. Los detalles.<\/div>\n<p>&nbsp;<\/p>\n<p class=\"article-body__paragraph\">La\u00a0industria textil argentina\u00a0atraviesa uno de los momentos m\u00e1s delicados de los \u00faltimos a\u00f1os y uno de los casos que refleja con mayor claridad esta situaci\u00f3n es el de\u00a0Textilana S.A<strong>.<\/strong>, la empresa que fabrica los reconocidos pullovers de la marca\u00a0Mauro Sergio\u00a0en\u00a0Mar del Plata.<\/p>\n<p class=\"article-body__paragraph\">La planta permanece pr\u00e1cticamente paralizada desde hace cuatro meses y cerca de\u00a0<strong>200 trabajadores contin\u00faan suspendidos<\/strong>, en un contexto marcado por la ca\u00edda del consumo y la\u00a0<strong>retracci\u00f3n de la actividad productiva<\/strong>.<\/p>\n<h2 class=\"article-body__heading-h2\"><strong>Mauro Sergio en crisis: \u00bfqu\u00e9 sucedi\u00f3 con la hist\u00f3rica marca de indumentaria de Mar del Plata?<\/strong><\/h2>\n<p class=\"article-body__paragraph\">El conflicto comenz\u00f3 en\u00a0noviembre de 2025, cuando la compa\u00f1\u00eda decidi\u00f3 suspender a\u00a0175 operarios\u00a0por un per\u00edodo inicial de cuatro meses debido a la falta de producci\u00f3n. Aunque el establecimiento no cerr\u00f3 formalmente sus puertas, la actividad industrial est\u00e1 detenida y la incertidumbre crece entre los empleados y sus familias.<\/p>\n<p class=\"article-body__paragraph\">En la actualidad, solo\u00a060 trabajadores de un total de 250\u00a0contin\u00faan asistiendo a la planta ubicada sobre la\u00a0Ruta 88, aunque la f\u00e1brica permanece sin producci\u00f3n activa. Los empleados suspendidos perciben\u00a0el 78% de su salario, tras una negociaci\u00f3n que mejor\u00f3 el acuerdo inicial que contemplaba el pago del 70%. El aguinaldo, en tanto, fue abonado en dos cuotas.<\/p>\n","protected":false},"excerpt":{"rendered":"<p>La planta permanece pr\u00e1cticamente paralizada desde hace cuatro meses y la incertidumbre crece entre los empleados de una de las marcas de indumentaria m\u00e1s conocidas del pa\u00eds. Los detalles. &nbsp; La\u00a0industria textil argentina\u00a0atraviesa uno de los momentos m\u00e1s delicados de los \u00faltimos a\u00f1os y uno de los casos que refleja con mayor claridad esta situaci\u00f3n [&hellip;]<\/p>\n","protected":false},"author":2,"featured_media":7673,"comment_status":"open","ping_status":"open","sticky":false,"template":"","format":"standard","meta":{"footnotes":""},"categories":[65],"tags":[],"class_list":{"0":"post-7672","1":"post","2":"type-post","3":"status-publish","4":"format-standard","5":"has-post-thumbnail","7":"category-economia"},"_links":{"self":[{"href":"https:\/\/elpueblonoticia.com.ar\/web\/wp-json\/wp\/v2\/posts\/7672","targetHints":{"allow":["GET"]}}],"collection":[{"href":"https:\/\/elpueblonoticia.com.ar\/web\/wp-json\/wp\/v2\/posts"}],"about":[{"href":"https:\/\/elpueblonoticia.com.ar\/web\/wp-json\/wp\/v2\/types\/post"}],"author":[{"embeddable":true,"href":"https:\/\/elpueblonoticia.com.ar\/web\/wp-json\/wp\/v2\/users\/2"}],"replies":[{"embeddable":true,"href":"https:\/\/elpueblonoticia.com.ar\/web\/wp-json\/wp\/v2\/comments?post=7672"}],"version-history":[{"count":2,"href":"https:\/\/elpueblonoticia.com.ar\/web\/wp-json\/wp\/v2\/posts\/7672\/revisions"}],"predecessor-version":[{"id":7714,"href":"https:\/\/elpueblonoticia.com.ar\/web\/wp-json\/wp\/v2\/posts\/7672\/revisions\/7714"}],"wp:featuredmedia":[{"embeddable":true,"href":"https:\/\/elpueblonoticia.com.ar\/web\/wp-json\/wp\/v2\/media\/7673"}],"wp:attachment":[{"href":"https:\/\/elpueblonoticia.com.ar\/web\/wp-json\/wp\/v2\/media?parent=7672"}],"wp:term":[{"taxonomy":"category","embeddable":true,"href":"https:\/\/elpueblonoticia.com.ar\/web\/wp-json\/wp\/v2\/categories?post=7672"},{"taxonomy":"post_tag","embeddable":true,"href":"https:\/\/elpueblonoticia.com.ar\/web\/wp-json\/wp\/v2\/tags?post=7672"}],"curies":[{"name":"wp","href":"https:\/\/api.w.org\/{rel}","templated":true}]}}