{"id":7666,"date":"2026-03-09T14:01:50","date_gmt":"2026-03-09T17:01:50","guid":{"rendered":"https:\/\/elpueblonoticia.com.ar\/web\/?p=7666"},"modified":"2026-03-09T14:01:50","modified_gmt":"2026-03-09T17:01:50","slug":"mundial-2026-los-futbolistas-de-la-seleccion-argentina-que-fueron-descartados-por-scaloni","status":"publish","type":"post","link":"https:\/\/elpueblonoticia.com.ar\/web\/2026\/03\/09\/mundial-2026-los-futbolistas-de-la-seleccion-argentina-que-fueron-descartados-por-scaloni\/","title":{"rendered":"Mundial 2026: Los futbolistas de la selecci\u00f3n Argentina que fueron descartados por Scaloni"},"content":{"rendered":"<div class=\"news-headline__title\">Un informe internacional revel\u00f3 qu\u00e9 jugadores hoy no aparecen en la consideraci\u00f3n del entrenador argentino para la pr\u00f3xima Copa del Mundo.<\/div>\n<div class=\"news-headline__title\"><\/div>\n<ul data-spread=\"false\" data-pm-slice=\"3 1 []\">\n<li>Un informe de\u00a0<em>Sports Illustrated<\/em>\u00a0analiz\u00f3 los nombres que hoy no entrar\u00edan en la convocatoria de la Selecci\u00f3n argentina para el Mundial 2026.<\/li>\n<li>Lesiones y decisiones deportivas condicionan a varios campeones del ciclo reciente.<\/li>\n<li>Algunos hist\u00f3ricos ya no forman parte del proyecto rumbo al\u00a0Mundial 2026.<\/li>\n<li>La lista final de la Albiceleste ser\u00e1 de\u00a026 futbolistas.<\/li>\n<\/ul>\n<p>Los futbolistas de la Selecci\u00f3n Argentina que hoy aparecen descartados por\u00a0Lionel Scaloni\u00a0para el Mundial\u00a02026\u00a0son\u00a0\u00c1ngel Di Mar\u00eda, Juan Foyth, Valent\u00edn Carboni, \u00c1ngel Correa, Marcos Acu\u00f1a y Alejandro Garnacho, seg\u00fan un an\u00e1lisis publicado por\u00a0<em>Sports Illustrated.<\/em><\/p>\n<article class=\"article-body article-body--first-paragraph\">\n<p data-pm-slice=\"1 1 []\">A\u00a0pocos meses del inicio de la Copa del Mundo\u00a0que se disputar\u00e1 en\u00a0Estados Unidos, M\u00e9xico y Canad\u00e1, el cuerpo t\u00e9cnico comienza a definir los \u00faltimos detalles de una lista que tendr\u00e1 apenas\u00a026 lugares\u00a0disponibles, una cifra que obliga a tomar decisiones dif\u00edciles incluso con futbolistas que formaron parte del proceso campe\u00f3n del mundo.<\/p>\n<\/article>\n<div class=\"free-banner-wrapper mx-auto text-center\">\n<div id=\"ad-slot-outstream\" class=\"ad-slot ad-slot-outstream\" data-path=\"\/22474715684\/c5n\/Outstream_adm\" data-lazyload=\"1\" data-adtype=\"outstream\" data-google-query-id=\"COjk2o2JkZMDFf9I3QIddd8lsA\">\n<div id=\"google_ads_iframe_\/22474715684\/c5n\/Outstream_adm_0__container__\">La base del plantel que levant\u00f3 el trofeo en Qatar 2022 se mantiene en gran parte, pero el paso del tiempo, las lesiones prolongadas y el rendimiento irregular en los clubes empiezan a reconfigurar el panorama. Algunos jugadores hist\u00f3ricos perdieron continuidad, mientras que otros fueron superados por nuevas alternativas que surgieron en las principales ligas de Europa.<\/div>\n<\/div>\n<\/div>\n","protected":false},"excerpt":{"rendered":"<p>Un informe internacional revel\u00f3 qu\u00e9 jugadores hoy no aparecen en la consideraci\u00f3n del entrenador argentino para la pr\u00f3xima Copa del Mundo. Un informe de\u00a0Sports Illustrated\u00a0analiz\u00f3 los nombres que hoy no entrar\u00edan en la convocatoria de la Selecci\u00f3n argentina para el Mundial 2026. Lesiones y decisiones deportivas condicionan a varios campeones del ciclo reciente. Algunos hist\u00f3ricos [&hellip;]<\/p>\n","protected":false},"author":2,"featured_media":7667,"comment_status":"open","ping_status":"open","sticky":false,"template":"","format":"standard","meta":{"footnotes":""},"categories":[76],"tags":[],"class_list":{"0":"post-7666","1":"post","2":"type-post","3":"status-publish","4":"format-standard","5":"has-post-thumbnail","7":"category-deportes"},"_links":{"self":[{"href":"https:\/\/elpueblonoticia.com.ar\/web\/wp-json\/wp\/v2\/posts\/7666","targetHints":{"allow":["GET"]}}],"collection":[{"href":"https:\/\/elpueblonoticia.com.ar\/web\/wp-json\/wp\/v2\/posts"}],"about":[{"href":"https:\/\/elpueblonoticia.com.ar\/web\/wp-json\/wp\/v2\/types\/post"}],"author":[{"embeddable":true,"href":"https:\/\/elpueblonoticia.com.ar\/web\/wp-json\/wp\/v2\/users\/2"}],"replies":[{"embeddable":true,"href":"https:\/\/elpueblonoticia.com.ar\/web\/wp-json\/wp\/v2\/comments?post=7666"}],"version-history":[{"count":1,"href":"https:\/\/elpueblonoticia.com.ar\/web\/wp-json\/wp\/v2\/posts\/7666\/revisions"}],"predecessor-version":[{"id":7668,"href":"https:\/\/elpueblonoticia.com.ar\/web\/wp-json\/wp\/v2\/posts\/7666\/revisions\/7668"}],"wp:featuredmedia":[{"embeddable":true,"href":"https:\/\/elpueblonoticia.com.ar\/web\/wp-json\/wp\/v2\/media\/7667"}],"wp:attachment":[{"href":"https:\/\/elpueblonoticia.com.ar\/web\/wp-json\/wp\/v2\/media?parent=7666"}],"wp:term":[{"taxonomy":"category","embeddable":true,"href":"https:\/\/elpueblonoticia.com.ar\/web\/wp-json\/wp\/v2\/categories?post=7666"},{"taxonomy":"post_tag","embeddable":true,"href":"https:\/\/elpueblonoticia.com.ar\/web\/wp-json\/wp\/v2\/tags?post=7666"}],"curies":[{"name":"wp","href":"https:\/\/api.w.org\/{rel}","templated":true}]}}