{"id":7655,"date":"2026-03-09T13:51:19","date_gmt":"2026-03-09T16:51:19","guid":{"rendered":"https:\/\/elpueblonoticia.com.ar\/web\/?p=7655"},"modified":"2026-03-09T13:54:05","modified_gmt":"2026-03-09T16:54:05","slug":"tras-el-paro-de-la-afa-asi-se-jugara-la-fecha-10-de-la-liga-profesional-dias-horarios-y-tv","status":"publish","type":"post","link":"https:\/\/elpueblonoticia.com.ar\/web\/2026\/03\/09\/tras-el-paro-de-la-afa-asi-se-jugara-la-fecha-10-de-la-liga-profesional-dias-horarios-y-tv\/","title":{"rendered":"Tras el paro de la AFA, as\u00ed se jugar\u00e1 la fecha 10 de la liga profesional: D\u00edas, horarios y tv"},"content":{"rendered":"<div>\n<p>La Liga Profesional retoma el torneo tras el paro de la AFA y ya tiene confirmado el cronograma completo de la fecha con d\u00edas, horarios y TV.<\/p>\n<p>Luego del paro que suspendi\u00f3 la fecha 9 por el conflicto judicial que atraviesa la AFA, la\u00a0Liga Profesional\u00a0reanuda su calendario. Desde el martes 10 de marzo se disputar\u00e1 la fecha 10 del\u00a0Torneo Apertura 2026, con partidos durante toda la semana y transmisi\u00f3n por TV.<\/p>\n<section class=\"detail-body second-paragraph\">\n<section class=\"body-content note-body content-protected-false\">La medida paraliz\u00f3 la actividad en todas las categor\u00edas y cont\u00f3 con el respaldo de los clubes de la Liga Profesional. Tras esa pausa obligada, el torneo retomar\u00e1 su cronograma habitual a partir del martes 10 de marzo. La jornada suspendida ser\u00e1 reprogramada para m\u00e1s adelante en el campeonato. Seg\u00fan lo previsto, la fecha 9 se disputar\u00e1 reci\u00e9n a comienzos de mayo, lo que generar\u00e1 un calendario m\u00e1s ajustado en la recta final del certamen.<\/p>\n<section class=\"detail-body\">\n<section class=\"body-content note-body content-protected-false\">\n<h2><strong>As\u00ed se jugar\u00e1 la fecha 10 del Torneo Apertura<\/strong><\/h2>\n<p>La d\u00e9cima jornada del Torneo Apertura 2026 se jugar\u00e1 entre el martes 10 y el viernes 13 de marzo con partidos televisados por ESPN Premium y TNT Sports.<\/p>\n<\/section>\n<\/section>\n<section class=\"detail-body\">\n<section class=\"body-content note-body content-protected-false\">\n<h3><strong>Martes 10 de marzo<\/strong><\/h3>\n<ul>\n<li>19.45 Tigre \u2013 V\u00e9lez (Interzonal) \u2013 ESPN Premium<\/li>\n<li>19.45 Independiente \u2013 Uni\u00f3n (Zona A) \u2013 TNT Sports<\/li>\n<li>22.00 Sarmiento \u2013 Racing (Zona B) \u2013 ESPN Premium<\/li>\n<li>22.00 Newell\u2019s \u2013 Platense (Zona A) \u2013 TNT Sports<\/li>\n<\/ul>\n<h3><strong>Mi\u00e9rcoles 11 de marzo<\/strong><\/h3>\n<ul>\n<li>17.30 Banfield \u2013 Gimnasia (Zona B) \u2013 ESPN Premium<\/li>\n<li>17.30 Argentinos \u2013 Rosario Central (Zona B) \u2013 TNT Sports<\/li>\n<li>19.45 Boca \u2013 San Lorenzo (Zona A) \u2013 ESPN Premium<\/li>\n<li>22.00 Independiente Rivadavia (Mza.) \u2013 Barracas Central (Zona B) \u2013 TNT Sports<\/li>\n<li>22.00 Atl\u00e9tico Tucum\u00e1n \u2013 Aldosivi (Zona B) \u2013 ESPN Premium<\/li>\n<\/ul>\n<h3><strong>Jueves 12 de marzo<\/strong><\/h3>\n<ul>\n<li>17.00 Deportivo Riestra \u2013 Gimnasia (Mza.) (Zona A) \u2013 ESPN Premium<\/li>\n<li>17.00 Defensa y Justicia \u2013 Central C\u00f3rdoba (Zona A) \u2013 TNT Sports<\/li>\n<li>19.15 Talleres \u2013 Instituto (Zona A) \u2013 TNT Sports<\/li>\n<li>19.15 Estudiantes (R\u00edo Cuarto) \u2013 Belgrano (Zona B) \u2013 ESPN Premium<\/li>\n<li>21.30 Hurac\u00e1n \u2013 River (Zona B) \u2013 TNT Sports<\/li>\n<\/ul>\n<h3><strong>Viernes 13 de marzo<\/strong><\/h3>\n<ul>\n<li>20.00 Estudiantes \u2013 Lan\u00fas (Zona A) \u2013 ESPN Premium.<\/li>\n<\/ul>\n<\/section>\n<\/section>\n<\/section>\n<\/section>\n<\/div>\n<div class=\"s2s_supra_contenedor lang_directon_right s2sdefault align_left s2s_balloon_bottom \">\n<div class=\"s2s_contenedor s2s_no_text s2s-btn-group\">\n<div class=\"s2s_twitter s2s_btn s2s-btn-xs \">\n<p>&nbsp;<\/p>\n<div class=\"globo s2s_globo_closed s2s_twitter_iframe\">\n<div class=\"s2s_flecha\"><\/div>\n<\/div>\n<\/div>\n<div class=\"s2s_facebook s2s_btn s2s-btn-xs \">\n<p>&nbsp;<\/p>\n<div class=\"globo s2s_globo_closed s2s_facebook_iframe\">\n<div class=\"s2s_flecha\"><\/div>\n<div id=\"fb-root\"><\/div>\n<\/div>\n<\/div>\n<div class=\"s2s_wapp s2s_btn s2s-btn-xs \">\n<p>&nbsp;<\/p>\n<div class=\"globo s2s_globo_closed s2s_wapp_iframe\">\n<div class=\"s2s_flecha\"><\/div>\n<p>&nbsp;<\/p>\n<\/div>\n<\/div>\n<\/div>\n<div class=\"s2s_credits_wrapper\"><\/div>\n<\/div>\n","protected":false},"excerpt":{"rendered":"<p>La Liga Profesional retoma el torneo tras el paro de la AFA y ya tiene confirmado el cronograma completo de la fecha con d\u00edas, horarios y TV. Luego del paro que suspendi\u00f3 la fecha 9 por el conflicto judicial que atraviesa la AFA, la\u00a0Liga Profesional\u00a0reanuda su calendario. Desde el martes 10 de marzo se disputar\u00e1 [&hellip;]<\/p>\n","protected":false},"author":2,"featured_media":7658,"comment_status":"open","ping_status":"open","sticky":false,"template":"","format":"standard","meta":{"footnotes":""},"categories":[76],"tags":[],"class_list":{"0":"post-7655","1":"post","2":"type-post","3":"status-publish","4":"format-standard","5":"has-post-thumbnail","7":"category-deportes"},"_links":{"self":[{"href":"https:\/\/elpueblonoticia.com.ar\/web\/wp-json\/wp\/v2\/posts\/7655","targetHints":{"allow":["GET"]}}],"collection":[{"href":"https:\/\/elpueblonoticia.com.ar\/web\/wp-json\/wp\/v2\/posts"}],"about":[{"href":"https:\/\/elpueblonoticia.com.ar\/web\/wp-json\/wp\/v2\/types\/post"}],"author":[{"embeddable":true,"href":"https:\/\/elpueblonoticia.com.ar\/web\/wp-json\/wp\/v2\/users\/2"}],"replies":[{"embeddable":true,"href":"https:\/\/elpueblonoticia.com.ar\/web\/wp-json\/wp\/v2\/comments?post=7655"}],"version-history":[{"count":2,"href":"https:\/\/elpueblonoticia.com.ar\/web\/wp-json\/wp\/v2\/posts\/7655\/revisions"}],"predecessor-version":[{"id":7659,"href":"https:\/\/elpueblonoticia.com.ar\/web\/wp-json\/wp\/v2\/posts\/7655\/revisions\/7659"}],"wp:featuredmedia":[{"embeddable":true,"href":"https:\/\/elpueblonoticia.com.ar\/web\/wp-json\/wp\/v2\/media\/7658"}],"wp:attachment":[{"href":"https:\/\/elpueblonoticia.com.ar\/web\/wp-json\/wp\/v2\/media?parent=7655"}],"wp:term":[{"taxonomy":"category","embeddable":true,"href":"https:\/\/elpueblonoticia.com.ar\/web\/wp-json\/wp\/v2\/categories?post=7655"},{"taxonomy":"post_tag","embeddable":true,"href":"https:\/\/elpueblonoticia.com.ar\/web\/wp-json\/wp\/v2\/tags?post=7655"}],"curies":[{"name":"wp","href":"https:\/\/api.w.org\/{rel}","templated":true}]}}