{"id":7652,"date":"2026-03-07T13:25:25","date_gmt":"2026-03-07T16:25:25","guid":{"rendered":"https:\/\/elpueblonoticia.com.ar\/web\/?p=7652"},"modified":"2026-03-07T13:25:25","modified_gmt":"2026-03-07T16:25:25","slug":"despedidos-de-alal-esperan-por-la-ayuda-y-enfrentan-la-incertidumbre","status":"publish","type":"post","link":"https:\/\/elpueblonoticia.com.ar\/web\/2026\/03\/07\/despedidos-de-alal-esperan-por-la-ayuda-y-enfrentan-la-incertidumbre\/","title":{"rendered":"Despedidos de Alal esperan por la ayuda y enfrentan la incertidumbre"},"content":{"rendered":"<p>Referentes de los ex empleados informaron que a\u00fan no recibieron alg\u00fan pago por las indemnizaciones. Mientras esperan definiciones judiciales piden que se concreten por escrito las ayudas comprometidas por Provincia y Municipio.<\/p>\n<p>La situaci\u00f3n de los trabajadores despedidos de la textil Alal en Goya contin\u00faa atravesada por la incertidumbre. A casi dos meses de los despidos, los obreros aseguran que todav\u00eda no percibieron las indemnizaciones pendientes, mientras las gestiones pol\u00edticas y el proceso judicial avanzan sin definiciones concretas.<\/p>\n<p>As\u00ed lo explic\u00f3 a \u00e9poca Mariano Gauna, delegado de los trabajadores, quien detall\u00f3 que desde el primer momento buscaron asistencia institucional ante el impacto social que gener\u00f3 el cierre de la planta.<\/p>\n<p>&#8220;Nos acercamos a la Municipalidad para ver qu\u00e9 ayuda pod\u00edan darnos. Fuimos dos veces por semana y tambi\u00e9n llegamos al gobernador y a la ministra de Industria para plantear un paquete de asistencia&#8221;, relat\u00f3.<\/p>\n<p>Seg\u00fan indic\u00f3, entre los planteos realizados figuraba la posibilidad de condonar deudas de servicios b\u00e1sicos y tributos municipales para los empleados afectados. En ese marco, el intendente de Goya, Mariano Hormaechea, se habr\u00eda comprometido a gestionar la condonaci\u00f3n de impuestos municipales, tasas de servicios, alumbrado p\u00fablico y patentes.<\/p>\n<p>Tambi\u00e9n se avanz\u00f3 en la entrega de asistencia social para las familias de los trabajadores. &#8220;Recibimos m\u00f3dulos alimentarios y fuimos tres veces a retirarlos as\u00ed como los kits escolares&#8221;, se\u00f1al\u00f3 Gauna. El dirigente explic\u00f3 que la problem\u00e1tica alcanza a un universo amplio de trabajadores. &#8220;En Goya somos 240 empleados y, si se suman los despedidos de Villa \u00c1ngela, el total llega a unos 260&#8221;, indic\u00f3.<\/p>\n<p>Mientras tanto, parte de la estructura productiva de la empresa contin\u00faa operando en Chaco. &#8220;All\u00e1 sigue funcionando una parte de la hilander\u00eda, aunque est\u00e1n en una situaci\u00f3n similar a la nuestra&#8221;, explic\u00f3.<\/p>\n<p>Uno de los principales reclamos de los trabajadores es que las ayudas prometidas por las autoridades se formalicen por escrito. Seg\u00fan Gauna, si bien existieron reuniones con el gobernador de Corrientes, Juan Pablo Vald\u00e9s, la ministra de Industria, Mariel Gabur, y el intendente Hormaechea, todav\u00eda no hay documentaci\u00f3n oficial que respalde los compromisos.<\/p>\n<p>&#8220;Todo est\u00e1 hablado, pero no tenemos nada por escrito. En teor\u00eda la orden es no cortar la luz, pero necesitamos una disposici\u00f3n oficial&#8221;, sostuvo.<\/p>\n<p>El problema ya comenz\u00f3 a sentirse en algunos hogares. &#8220;Tenemos compa\u00f1eros a los que les cortaron la luz porque no pudieron pagar. Despu\u00e9s se la reconectaron, pero la deuda sigue acumul\u00e1ndose&#8221;, explic\u00f3.<\/p>\n<p>En paralelo, el conflicto avanza por la v\u00eda judicial. Gauna record\u00f3 que los despidos comenzaron el 16 de enero, cuando la empresa cesante\u00f3 al personal en el marco de un proceso de concurso preventivo.<\/p>\n<p>&#8220;Primero nos despidieron y pagaron la liquidaci\u00f3n final. Pas\u00f3 el plazo y no se cobr\u00f3 nada m\u00e1s&#8221;, afirm\u00f3. La situaci\u00f3n deriv\u00f3 en actuaciones administrativas y judiciales. Hubo audiencias en Corrientes y posteriormente la empresa plante\u00f3 iniciar un concurso de acreedores en la ciudad santafesina de Reconquista.<\/p>\n<p>Seg\u00fan el delegado, la firma reconoci\u00f3 la deuda con los trabajadores, lo que habilit\u00f3 la presentaci\u00f3n de medidas judiciales para reclamar los pagos. Sin embargo, hasta el momento no se concret\u00f3 ning\u00fan desembolso.<\/p>\n<p>&#8220;La primera medida fue favorable para nosotros, pero no se cobr\u00f3 nada. Todav\u00eda hay instancias de apelaci\u00f3n y la empresa puede seguir litigando&#8221;, explic\u00f3.<\/p>\n<p>De avanzar el proceso concursal, los trabajadores deber\u00e1n presentar sus cr\u00e9ditos dentro de ese expediente judicial. &#8220;Si la sentencia queda firme, vamos a tener que hacer fila con los dem\u00e1s acreedores para reclamar lo que nos corresponde&#8221;, advirti\u00f3.<\/p>\n<p>El panorama laboral tampoco ofrece alternativas inmediatas en la ciudad. &#8220;En Goya no hay trabajo. Son m\u00e1s de 120 personas con m\u00e1s de 20 a\u00f1os de antig\u00fcedad y con edades entre 45 y 60 a\u00f1os&#8221;, remarc\u00f3 Gauna.<\/p>\n<p>En ese contexto, los trabajadores evaluaron distintas alternativas para sostener la actividad, aunque algunas de ellas no lograron prosperar. &#8220;No llegamos a concretar la instancia de formar una cooperativa&#8221;, explic\u00f3.<\/p>\n","protected":false},"excerpt":{"rendered":"<p>Referentes de los ex empleados informaron que a\u00fan no recibieron alg\u00fan pago por las indemnizaciones. Mientras esperan definiciones judiciales piden que se concreten por escrito las ayudas comprometidas por Provincia y Municipio. La situaci\u00f3n de los trabajadores despedidos de la textil Alal en Goya contin\u00faa atravesada por la incertidumbre. A casi dos meses de los [&hellip;]<\/p>\n","protected":false},"author":2,"featured_media":7653,"comment_status":"open","ping_status":"open","sticky":false,"template":"","format":"standard","meta":{"footnotes":""},"categories":[56],"tags":[],"class_list":{"0":"post-7652","1":"post","2":"type-post","3":"status-publish","4":"format-standard","5":"has-post-thumbnail","7":"category-locales"},"_links":{"self":[{"href":"https:\/\/elpueblonoticia.com.ar\/web\/wp-json\/wp\/v2\/posts\/7652","targetHints":{"allow":["GET"]}}],"collection":[{"href":"https:\/\/elpueblonoticia.com.ar\/web\/wp-json\/wp\/v2\/posts"}],"about":[{"href":"https:\/\/elpueblonoticia.com.ar\/web\/wp-json\/wp\/v2\/types\/post"}],"author":[{"embeddable":true,"href":"https:\/\/elpueblonoticia.com.ar\/web\/wp-json\/wp\/v2\/users\/2"}],"replies":[{"embeddable":true,"href":"https:\/\/elpueblonoticia.com.ar\/web\/wp-json\/wp\/v2\/comments?post=7652"}],"version-history":[{"count":1,"href":"https:\/\/elpueblonoticia.com.ar\/web\/wp-json\/wp\/v2\/posts\/7652\/revisions"}],"predecessor-version":[{"id":7654,"href":"https:\/\/elpueblonoticia.com.ar\/web\/wp-json\/wp\/v2\/posts\/7652\/revisions\/7654"}],"wp:featuredmedia":[{"embeddable":true,"href":"https:\/\/elpueblonoticia.com.ar\/web\/wp-json\/wp\/v2\/media\/7653"}],"wp:attachment":[{"href":"https:\/\/elpueblonoticia.com.ar\/web\/wp-json\/wp\/v2\/media?parent=7652"}],"wp:term":[{"taxonomy":"category","embeddable":true,"href":"https:\/\/elpueblonoticia.com.ar\/web\/wp-json\/wp\/v2\/categories?post=7652"},{"taxonomy":"post_tag","embeddable":true,"href":"https:\/\/elpueblonoticia.com.ar\/web\/wp-json\/wp\/v2\/tags?post=7652"}],"curies":[{"name":"wp","href":"https:\/\/api.w.org\/{rel}","templated":true}]}}