{"id":7646,"date":"2026-03-07T13:18:58","date_gmt":"2026-03-07T16:18:58","guid":{"rendered":"https:\/\/elpueblonoticia.com.ar\/web\/?p=7646"},"modified":"2026-03-07T13:18:58","modified_gmt":"2026-03-07T16:18:58","slug":"gustavo-valdes-se-refirio-al-caso-loan-pena-y-pidio-buscar-la-verdad","status":"publish","type":"post","link":"https:\/\/elpueblonoticia.com.ar\/web\/2026\/03\/07\/gustavo-valdes-se-refirio-al-caso-loan-pena-y-pidio-buscar-la-verdad\/","title":{"rendered":"Gustavo Vald\u00e9s se refiri\u00f3 al caso Loan Pe\u00f1a y pidi\u00f3 buscar la verdad"},"content":{"rendered":"<p>En el cierre de la audiencia de la C\u00e1mara de Senadores, el ex mandatario provincial afirm\u00f3 que es \u201cel primero que quiere saber d\u00f3nde est\u00e1\u201d el ni\u00f1o.<\/p>\n<p>El senador nacional y ex gobernador de Corrientes, Gustavo Vald\u00e9s, habl\u00f3 p\u00fablicamente sobre el caso por la desaparici\u00f3n de Loan Pe\u00f1a, ocurrido durante su gesti\u00f3n. Con el cierre de la audiencia en la C\u00e1mara de Senadores, que dur\u00f3 apenas 20 minutos, Vald\u00e9s afirm\u00f3 que es \u201cel primero que quiere saber d\u00f3nde est\u00e1\u201d el ni\u00f1o.<\/p>\n<p>El ex mandatario explic\u00f3 que la desaparici\u00f3n se registr\u00f3 mientras ejerc\u00eda la gobernaci\u00f3n, pero asegur\u00f3 que desde el Ejecutivo provincial \u201cnunca se entrometieron m\u00e1s all\u00e1 de haber pedido ser querellantes\u201d.<\/p>\n<p>\u201cDurante 10 d\u00edas la causa estuvo en la Justicia provincial y luego fue derivada a la federal. Desde ese momento y hasta ahora solo conocemos lo p\u00fablico y lo que se difunde en los medios de comunicaci\u00f3n de Corrientes\u201d, agreg\u00f3.<\/p>\n<p>Vald\u00e9s record\u00f3 que, en los primeros d\u00edas de la investigaci\u00f3n, el Gobierno provincial solicit\u00f3 intervenir como querellante, pero el Poder Judicial de la Naci\u00f3n rechaz\u00f3 la solicitud. \u201cNo pudimos participar, tampoco ver las pruebas o los expedientes\u201d, dijo.<\/p>\n<p>Para finalizar, el senador expres\u00f3 su deseo de esclarecer el caso: \u201cOjal\u00e1 que pronto sepamos la verdad de qu\u00e9 es lo que pas\u00f3 con ese ni\u00f1o y que los responsables la paguen\u201d.<\/p>\n<p>&nbsp;<\/p>\n","protected":false},"excerpt":{"rendered":"<p>En el cierre de la audiencia de la C\u00e1mara de Senadores, el ex mandatario provincial afirm\u00f3 que es \u201cel primero que quiere saber d\u00f3nde est\u00e1\u201d el ni\u00f1o. El senador nacional y ex gobernador de Corrientes, Gustavo Vald\u00e9s, habl\u00f3 p\u00fablicamente sobre el caso por la desaparici\u00f3n de Loan Pe\u00f1a, ocurrido durante su gesti\u00f3n. Con el cierre [&hellip;]<\/p>\n","protected":false},"author":2,"featured_media":7647,"comment_status":"open","ping_status":"open","sticky":false,"template":"","format":"standard","meta":{"footnotes":""},"categories":[72],"tags":[],"class_list":{"0":"post-7646","1":"post","2":"type-post","3":"status-publish","4":"format-standard","5":"has-post-thumbnail","7":"category-provinciales"},"_links":{"self":[{"href":"https:\/\/elpueblonoticia.com.ar\/web\/wp-json\/wp\/v2\/posts\/7646","targetHints":{"allow":["GET"]}}],"collection":[{"href":"https:\/\/elpueblonoticia.com.ar\/web\/wp-json\/wp\/v2\/posts"}],"about":[{"href":"https:\/\/elpueblonoticia.com.ar\/web\/wp-json\/wp\/v2\/types\/post"}],"author":[{"embeddable":true,"href":"https:\/\/elpueblonoticia.com.ar\/web\/wp-json\/wp\/v2\/users\/2"}],"replies":[{"embeddable":true,"href":"https:\/\/elpueblonoticia.com.ar\/web\/wp-json\/wp\/v2\/comments?post=7646"}],"version-history":[{"count":1,"href":"https:\/\/elpueblonoticia.com.ar\/web\/wp-json\/wp\/v2\/posts\/7646\/revisions"}],"predecessor-version":[{"id":7648,"href":"https:\/\/elpueblonoticia.com.ar\/web\/wp-json\/wp\/v2\/posts\/7646\/revisions\/7648"}],"wp:featuredmedia":[{"embeddable":true,"href":"https:\/\/elpueblonoticia.com.ar\/web\/wp-json\/wp\/v2\/media\/7647"}],"wp:attachment":[{"href":"https:\/\/elpueblonoticia.com.ar\/web\/wp-json\/wp\/v2\/media?parent=7646"}],"wp:term":[{"taxonomy":"category","embeddable":true,"href":"https:\/\/elpueblonoticia.com.ar\/web\/wp-json\/wp\/v2\/categories?post=7646"},{"taxonomy":"post_tag","embeddable":true,"href":"https:\/\/elpueblonoticia.com.ar\/web\/wp-json\/wp\/v2\/tags?post=7646"}],"curies":[{"name":"wp","href":"https:\/\/api.w.org\/{rel}","templated":true}]}}