{"id":7640,"date":"2026-03-07T13:12:31","date_gmt":"2026-03-07T16:12:31","guid":{"rendered":"https:\/\/elpueblonoticia.com.ar\/web\/?p=7640"},"modified":"2026-03-07T13:12:31","modified_gmt":"2026-03-07T16:12:31","slug":"tragedia-en-posadas-murio-un-joven-esquinense-tras-caer-de-un-tercer-piso-despues-de-una-pelea","status":"publish","type":"post","link":"https:\/\/elpueblonoticia.com.ar\/web\/2026\/03\/07\/tragedia-en-posadas-murio-un-joven-esquinense-tras-caer-de-un-tercer-piso-despues-de-una-pelea\/","title":{"rendered":"Tragedia en Posadas: Muri\u00f3 un joven esquinense tras caer de un tercer piso despu\u00e9s de una pelea"},"content":{"rendered":"<p>Marcelo Ojeda Kryszczuk, de 31 a\u00f1os y oriundo de Esquina, fue hallado sin vida en el estacionamiento de un edificio. La Justicia investiga un homicidio y mantiene detenido a un joven de 27 a\u00f1os.<\/p>\n<p>Un confuso y sangriento episodio ocurrido esta madrugada en la capital misionera conmociona a la comunidad de Esquina, Corrientes. Marcelo Ojeda Kryszczuk, de 31 a\u00f1os, muri\u00f3 tras precipitarse al vac\u00edo desde un tercer piso en un edificio ubicado sobre la calle G\u00f3mez Porti\u00f1o al 1300 en la ciudad de Posadas, Misiones. Las autoridades investigan si la ca\u00edda fue producto de una violenta ri\u00f1a previa dentro del inmueble.<\/p>\n<p>El alerta se recibi\u00f3 alrededor de las 4 de la ma\u00f1ana, cuando un llamado al 911 inform\u00f3 sobre una persona herida en la zona de una pista de skate cercana. Al arribar, los efectivos de la Comisar\u00eda Decimosexta hallaron a Marcos Andr\u00e9s \u00c1., de 27 a\u00f1os, con un corte profundo en el cuello. Tras ser asistido y estabilizado en el Hospital Madariaga, el joven qued\u00f3 bajo custodia policial, siendo el principal sospechoso en la causa que se instruye como homicidio.<\/p>\n<h2><strong>Escena del crimen: indicios de violencia<\/strong><\/h2>\n<p>La reconstrucci\u00f3n de los hechos, liderada por investigadores policiales y judiciales, permiti\u00f3 establecer que la v\u00edctima y el sospechoso compart\u00edan el departamento hace aproximadamente un a\u00f1o. Al ingresar a la vivienda, los peritos encontraron un escenario alarmante: un charco de sangre que da cuenta de un enfrentamiento f\u00edsico de gran intensidad ocurrido momentos antes de la ca\u00edda fatal de Ojeda Kryszczuk.<\/p>\n<p>Aunque inicialmente trascendi\u00f3 que ambos manten\u00edan un v\u00ednculo de parentesco, fuentes cercanas a la investigaci\u00f3n descartaron tal relaci\u00f3n, aclarando que se trataban de amigos y compa\u00f1eros de vivienda.<\/p>\n<h2><strong>El testimonio del padre: &#8220;Fue el \u00faltimo mensaje&#8221;<\/strong><\/h2>\n<p>Luis, padre de la v\u00edctima, viaj\u00f3 de urgencia desde Esquina hacia Posadas tras recibir la tr\u00e1gica noticia por parte de amigos comunes. En di\u00e1logo con la prensa, el hombre se mostr\u00f3 devastado y desconcertado sobre la mec\u00e1nica de lo ocurrido.<\/p>\n<p>&#8220;Marcos es mi ahijado y viv\u00edan juntos hace un a\u00f1o. Marcelo hab\u00eda ido a Posadas porque extra\u00f1aba la ciudad&#8221;, relat\u00f3 el padre a El Territorio. Sobre las \u00faltimas horas de su hijo, detall\u00f3 que hablaron mediante mensajes: &#8220;A la 1:30 de la ma\u00f1ana Marcelo me escribi\u00f3 para pedirme dinero. Fue el \u00faltimo mensaje que recib\u00ed&#8221;.<\/p>\n<p>Consultado sobre posibles antecedentes de violencia entre ambos, Luis reconoci\u00f3 que &#8220;en algunas salidas tuvieron alguna discusi\u00f3n, pero nada que haya pasado a mayores&#8221;. Actualmente, el padre no ha podido tener contacto con el detenido, quien permanece incomunicado por disposici\u00f3n judicial.<\/p>\n<h2><strong>Situaci\u00f3n judicial<\/strong><\/h2>\n<p>Tras recibir el alta m\u00e9dica del Hospital Madariaga, el joven de 27 a\u00f1os fue trasladado a la Divisi\u00f3n Resguardo de Detenidos de la Unidad Regional I, donde permanece a disposici\u00f3n de la Justicia.<\/p>\n<p>El magistrado interviniente aguarda ahora los resultados finales de las pericias criminal\u00edsticas y el informe de la autopsia, elementos que resultar\u00e1n fundamentales para determinar si la ca\u00edda fue provocada intencionalmente, si hubo un forcejeo previo o si existen otros atenuantes en la mec\u00e1nica del fallecimiento.<\/p>\n","protected":false},"excerpt":{"rendered":"<p>Marcelo Ojeda Kryszczuk, de 31 a\u00f1os y oriundo de Esquina, fue hallado sin vida en el estacionamiento de un edificio. La Justicia investiga un homicidio y mantiene detenido a un joven de 27 a\u00f1os. Un confuso y sangriento episodio ocurrido esta madrugada en la capital misionera conmociona a la comunidad de Esquina, Corrientes. Marcelo Ojeda [&hellip;]<\/p>\n","protected":false},"author":2,"featured_media":7641,"comment_status":"open","ping_status":"open","sticky":false,"template":"","format":"standard","meta":{"footnotes":""},"categories":[68],"tags":[],"class_list":{"0":"post-7640","1":"post","2":"type-post","3":"status-publish","4":"format-standard","5":"has-post-thumbnail","7":"category-policiales-nacionales"},"_links":{"self":[{"href":"https:\/\/elpueblonoticia.com.ar\/web\/wp-json\/wp\/v2\/posts\/7640","targetHints":{"allow":["GET"]}}],"collection":[{"href":"https:\/\/elpueblonoticia.com.ar\/web\/wp-json\/wp\/v2\/posts"}],"about":[{"href":"https:\/\/elpueblonoticia.com.ar\/web\/wp-json\/wp\/v2\/types\/post"}],"author":[{"embeddable":true,"href":"https:\/\/elpueblonoticia.com.ar\/web\/wp-json\/wp\/v2\/users\/2"}],"replies":[{"embeddable":true,"href":"https:\/\/elpueblonoticia.com.ar\/web\/wp-json\/wp\/v2\/comments?post=7640"}],"version-history":[{"count":1,"href":"https:\/\/elpueblonoticia.com.ar\/web\/wp-json\/wp\/v2\/posts\/7640\/revisions"}],"predecessor-version":[{"id":7642,"href":"https:\/\/elpueblonoticia.com.ar\/web\/wp-json\/wp\/v2\/posts\/7640\/revisions\/7642"}],"wp:featuredmedia":[{"embeddable":true,"href":"https:\/\/elpueblonoticia.com.ar\/web\/wp-json\/wp\/v2\/media\/7641"}],"wp:attachment":[{"href":"https:\/\/elpueblonoticia.com.ar\/web\/wp-json\/wp\/v2\/media?parent=7640"}],"wp:term":[{"taxonomy":"category","embeddable":true,"href":"https:\/\/elpueblonoticia.com.ar\/web\/wp-json\/wp\/v2\/categories?post=7640"},{"taxonomy":"post_tag","embeddable":true,"href":"https:\/\/elpueblonoticia.com.ar\/web\/wp-json\/wp\/v2\/tags?post=7640"}],"curies":[{"name":"wp","href":"https:\/\/api.w.org\/{rel}","templated":true}]}}